{"id":5644,"date":"2022-09-26T10:43:54","date_gmt":"2022-09-26T14:43:54","guid":{"rendered":"https:\/\/docinterhar.org\/?p=5644"},"modified":"2024-12-23T16:08:54","modified_gmt":"2024-12-23T21:08:54","slug":"appel-a-contribution-arte-contexto","status":"publish","type":"post","link":"https:\/\/docinterhar.ca\/en\/2022\/09\/26\/appel-a-contribution-arte-contexto\/","title":{"rendered":"Appel \u00e0 contribution &#8211; Arte ConTexto"},"content":{"rendered":"\n<p class=\"wp-block-paragraph\">L\u2019\u00eatre humain, \u00e0 partir de leurs manifestations culturelles, \u00e9tablit des modes d\u2019expression qui se transforment en fonction des besoins de leur communaut\u00e9. Pourtant, depuis longtemps, nous constatons la mise en place d\u2019une pratique (culturelle ?) de d\u00e9mant\u00e8lement des structures destin\u00e9es \u00e0 encourager ce qui nous tient le plus \u00e0 coeur : la possibilit\u00e9 de cr\u00e9er. Le domaine artistique est envisag\u00e9 avec m\u00e9fiance et finit par \u00eatre n\u00e9glig\u00e9 par certains groupes qui exercent une influence dans de nombreuses institutions gouvernementales au Br\u00e9sil. Peut-\u00eatre, cela se produit parce qu\u2019ils connaissent le pouvoir critique et transformateur que l\u2019art pr\u00e9sente. Confront\u00e9s \u00e0 cette situation, les \u00e9coles, les mus\u00e9es et les universit\u00e9s continuent de s\u2019effondrer en raison de la p\u00e9nurie de ressources, s\u2019accrochant aux derni\u00e8res fondations qui leur restent ; alors que certains de ces espaces ont d\u00e9j\u00e0 vu leurs \u00e9tages consum\u00e9s par les flammes de la n\u00e9gligence. En ce temps de ruines, nous vivons la culture du d\u00e9mant\u00e8lement.<\/p>\n\n\n\n<p class=\"wp-block-paragraph\">En plus de la probl\u00e9matique de l\u2019acc\u00e8s incertain aux lieux de la culture, comme questions de d\u00e9bat pour le 18e num\u00e9ro de la revue <a href=\"https:\/\/artcontexto.com.br\/\">Arte ConTexto<\/a>, nous proposons les r\u00e9flexions suivantes : dans quelle mesure les diff\u00e9rents groupes de notre soci\u00e9t\u00e9 participent-ils \u00e0 la constitution de ce qui est pr\u00e9sent\u00e9 par les institutions culturelles ? Qui peut participer \u00e0 ces espaces du sensible ? Comment les scientifiques de la culture peuvent-ils agir face \u00e0 cette pr\u00e9carit\u00e9 v\u00e9cue par diverses institutions culturelles ? De quoi pouvons-nous discuter ou ne pouvons-nous pas discuter ? Renfor\u00e7ons-nous : une culture h\u00e9g\u00e9monique ou des cultures multiples ? Ces questions raisonnent dans le domaine du visuel, de ce qui nous est donn\u00e9 \u00e0 voir. Comme le dit le philosophe Jacques Ranci\u00e8re (2000), dans son livre <em>Le partage du sensible<\/em>, le r\u00e9alisme a \u00e9t\u00e9 crucial pour la subversion des hi\u00e9rarchies de la repr\u00e9sentation dans les arts. L\u2019anonyme et le banal deviennent alors beaux et dignes de gloire. Si nous nous r\u00e9f\u00e9rons \u00e0 notre \u00e9poque, dans quelle mesure les productions artistiques repoussent-elles les limites de ce qui est accessible \u00e0 la culture ? <\/p>\n\n\n\n<p class=\"wp-block-paragraph\"><\/p>\n\n\n\n<p class=\"wp-block-paragraph\">La date limite pour la soumission de contenus est le <strong>dimanche 16 octobre 2022<\/strong>. Les formats accept\u00e9s pour la soumission sont les suivants : articles, textes courts, textes-oeuvres, comptes rendus, entrevues, portfolios, enregistrements sonores et capsules vid\u00e9o. Pour plus de renseignements, acc\u00e9dez aux r\u00e8gles de publication : <a href=\"https:\/\/artcontexto.com.br\/normas-fra\/\">https:\/\/artcontexto.com.br\/normas-fra\/<\/a>. Les soumissions doivent \u00eatre faites \u00e0 partir du formulaire : <a href=\"https:\/\/forms.gle\/x4et9ctqL1sh2VBn7\">https:\/\/forms.gle\/x4et9ctqL1sh2VBn7<\/a>.<\/p>\n","protected":false},"excerpt":{"rendered":"<p>L\u2019\u00eatre humain, \u00e0 partir de leurs manifestations culturelles, \u00e9tablit des modes d\u2019expression qui se transforment en fonction des besoins de leur communaut\u00e9. Pourtant, depuis longtemps, nous constatons la mise en [&hellip;]<\/p>\n","protected":false},"author":242268434,"featured_media":5645,"comment_status":"closed","ping_status":"closed","sticky":false,"template":"","format":"standard","meta":{"_crdt_document":"","advanced_seo_description":"","jetpack_seo_html_title":"","jetpack_seo_noindex":false,"_EventAllDay":false,"_EventTimezone":"","_EventStartDate":"","_EventEndDate":"","_EventStartDateUTC":"","_EventEndDateUTC":"","_EventShowMap":false,"_EventShowMapLink":false,"_EventURL":"","_EventCost":"","_EventCostDescription":"","_EventCurrencySymbol":"","_EventCurrencyCode":"","_EventCurrencyPosition":"","_EventDateTimeSeparator":"","_EventTimeRangeSeparator":"","_EventOrganizerID":[],"_EventVenueID":[],"_OrganizerEmail":"","_OrganizerPhone":"","_OrganizerWebsite":"","_VenueAddress":"","_VenueCity":"","_VenueCountry":"","_VenueProvince":"","_VenueState":"","_VenueZip":"","_VenuePhone":"","_VenueURL":"","_VenueStateProvince":"","_VenueLat":"","_VenueLng":"","_VenueShowMap":false,"_VenueShowMapLink":false,"_jetpack_memberships_contains_paid_content":false,"footnotes":"","jetpack_publicize_message":"","jetpack_publicize_feature_enabled":true,"jetpack_social_post_already_shared":true,"jetpack_social_options":{"image_generator_settings":{"template":"highway","default_image_id":0,"font":"","enabled":false},"version":2},"_wpas_customize_per_network":false},"categories":[766630160],"tags":[33769875],"class_list":["post-5644","post","type-post","status-publish","format-standard","has-post-thumbnail","hentry","category-call-for-papers","tag-appels-a-communication"],"jetpack_publicize_connections":[],"jetpack_featured_media_url":"https:\/\/i0.wp.com\/docinterhar.ca\/wp-content\/uploads\/2023\/11\/2c95a-capture-decran-2022-09-26-a-16.36.02.png?fit=1178%2C1084&ssl=1","jetpack_likes_enabled":true,"jetpack_sharing_enabled":true,"jetpack_shortlink":"https:\/\/wp.me\/pfghYs-1t2","jetpack-related-posts":[],"_links":{"self":[{"href":"https:\/\/docinterhar.ca\/en\/wp-json\/wp\/v2\/posts\/5644","targetHints":{"allow":["GET"]}}],"collection":[{"href":"https:\/\/docinterhar.ca\/en\/wp-json\/wp\/v2\/posts"}],"about":[{"href":"https:\/\/docinterhar.ca\/en\/wp-json\/wp\/v2\/types\/post"}],"author":[{"embeddable":true,"href":"https:\/\/docinterhar.ca\/en\/wp-json\/wp\/v2\/users\/242268434"}],"replies":[{"embeddable":true,"href":"https:\/\/docinterhar.ca\/en\/wp-json\/wp\/v2\/comments?post=5644"}],"version-history":[{"count":2,"href":"https:\/\/docinterhar.ca\/en\/wp-json\/wp\/v2\/posts\/5644\/revisions"}],"predecessor-version":[{"id":7992,"href":"https:\/\/docinterhar.ca\/en\/wp-json\/wp\/v2\/posts\/5644\/revisions\/7992"}],"wp:featuredmedia":[{"embeddable":true,"href":"https:\/\/docinterhar.ca\/en\/wp-json\/wp\/v2\/media\/5645"}],"wp:attachment":[{"href":"https:\/\/docinterhar.ca\/en\/wp-json\/wp\/v2\/media?parent=5644"}],"wp:term":[{"taxonomy":"category","embeddable":true,"href":"https:\/\/docinterhar.ca\/en\/wp-json\/wp\/v2\/categories?post=5644"},{"taxonomy":"post_tag","embeddable":true,"href":"https:\/\/docinterhar.ca\/en\/wp-json\/wp\/v2\/tags?post=5644"}],"curies":[{"name":"wp","href":"https:\/\/api.w.org\/{rel}","templated":true}]}}