{"id":4669,"date":"2020-11-25T16:47:13","date_gmt":"2020-11-25T21:47:13","guid":{"rendered":"https:\/\/docinterhar.org\/?p=4669"},"modified":"2023-11-09T14:05:06","modified_gmt":"2023-11-09T19:05:06","slug":"docinter-lecture-sandra-benites-guarani-nhandewa","status":"publish","type":"post","link":"https:\/\/docinterhar.ca\/fr\/2020\/11\/25\/docinter-lecture-sandra-benites-guarani-nhandewa\/","title":{"rendered":"Conf\u00e9rence Docinter - Sandra Benites Guarani Nhandewa"},"content":{"rendered":"<figure class=\"wp-block-image size-large\"><img data-recalc-dims=\"1\" loading=\"lazy\" decoding=\"async\" width=\"1700\" height=\"2200\" data-attachment-id=\"4670\" data-permalink=\"https:\/\/docinterhar.ca\/fr\/2020\/11\/25\/docinter-lecture-sandra-benites-guarani-nhandewa\/sandra-benites_december-3_en-2\/\" data-orig-file=\"https:\/\/i0.wp.com\/docinterhar.ca\/wp-content\/uploads\/2023\/11\/74596-sandra-benites_december-3_en.jpg?fit=1700%2C2200&amp;ssl=1\" data-orig-size=\"1700,2200\" data-comments-opened=\"0\" data-image-meta=\"{&quot;aperture&quot;:&quot;0&quot;,&quot;credit&quot;:&quot;&quot;,&quot;camera&quot;:&quot;&quot;,&quot;caption&quot;:&quot;&quot;,&quot;created_timestamp&quot;:&quot;0&quot;,&quot;copyright&quot;:&quot;&quot;,&quot;focal_length&quot;:&quot;0&quot;,&quot;iso&quot;:&quot;0&quot;,&quot;shutter_speed&quot;:&quot;0&quot;,&quot;title&quot;:&quot;&quot;,&quot;orientation&quot;:&quot;0&quot;}\" data-image-title=\"Sandra-Benites_December-3_EN\" data-image-description=\"\" data-image-caption=\"\" data-large-file=\"https:\/\/i0.wp.com\/docinterhar.ca\/wp-content\/uploads\/2023\/11\/74596-sandra-benites_december-3_en.jpg?fit=791%2C1024&amp;ssl=1\" src=\"https:\/\/i0.wp.com\/docinterhar.ca\/wp-content\/uploads\/2023\/11\/74596-sandra-benites_december-3_en.jpg?resize=1700%2C2200&#038;ssl=1\" alt=\"\" class=\"wp-image-4670\" \/><\/figure>\n\n\n\n<p class=\"wp-block-paragraph\">CONF\u00c9RENCE \u2013 Conf\u00e9rence d&#039;ouverture du cycle de conf\u00e9rences 2020-2021 du Programme interuniversitaire de doctorat en histoire de l&#039;art de Montr\u00e9al, <strong>\u00ab Quelles histoires de l\u2019art pour le temps pr\u00e9sent ? \u00bb<\/strong>, avec <strong>Sandra Benites Guarani Nhandewaon<\/strong> le <strong>3 d\u00e9cembre, 17h<\/strong>. <\/p>\n\n\n\n<p class=\"wp-block-paragraph\">Titre de la conf\u00e9rence : <strong>Les souvenirs ancestraux sont notre avenir<\/strong><\/p>\n\n\n\n<p class=\"wp-block-paragraph\">Embauch\u00e9e par le Mus\u00e9e d&#039;art de S\u00e3o Paulo en 2019, Sandra Benites Guarani Nhandewa est la premi\u00e8re femme autochtone \u00e0 occuper un poste de conservatrice adjointe dans un grand mus\u00e9e br\u00e9silien. Enseignante dans les niveaux primaire et secondaire, Benites est titulaire d&#039;un master en anthropologie sociale du Mus\u00e9e national (Universit\u00e9 f\u00e9d\u00e9rale de Rio de Janeiro). Elle est actuellement doctorante dans la m\u00eame institution.<\/p>\n\n\n\n<p class=\"wp-block-paragraph\">Discutant : Diogo Rodrigues de Barros (Universit\u00e9 de Montr\u00e9al)<\/p>\n\n\n\n<p class=\"wp-block-paragraph\">Facebook <a href=\"https:\/\/www.facebook.com\/events\/654448495238262?active_tab=about\">\u00c9v\u00e9nement <\/a><\/p>\n\n\n\n<figure class=\"wp-block-image size-large\"><img data-recalc-dims=\"1\" loading=\"lazy\" decoding=\"async\" width=\"1700\" height=\"2200\" data-attachment-id=\"4671\" data-permalink=\"https:\/\/docinterhar.ca\/fr\/2020\/11\/25\/docinter-lecture-sandra-benites-guarani-nhandewa\/serie-de-conferences_speaker-series-doc-inter-2020-2021-1\/\" data-orig-file=\"https:\/\/i0.wp.com\/docinterhar.ca\/wp-content\/uploads\/2023\/11\/106cd-serie-de-conferences_speaker-series-doc-inter-2020-2021-1.jpg?fit=1700%2C2200&amp;ssl=1\" data-orig-size=\"1700,2200\" data-comments-opened=\"0\" data-image-meta=\"{&quot;aperture&quot;:&quot;0&quot;,&quot;credit&quot;:&quot;&quot;,&quot;camera&quot;:&quot;&quot;,&quot;caption&quot;:&quot;&quot;,&quot;created_timestamp&quot;:&quot;0&quot;,&quot;copyright&quot;:&quot;&quot;,&quot;focal_length&quot;:&quot;0&quot;,&quot;iso&quot;:&quot;0&quot;,&quot;shutter_speed&quot;:&quot;0&quot;,&quot;title&quot;:&quot;&quot;,&quot;orientation&quot;:&quot;0&quot;}\" data-image-title=\"Se\u0301rie-de-confe\u0301rences_Speaker-Series-Doc-Inter-2020-2021-1\" data-image-description=\"\" data-image-caption=\"\" data-large-file=\"https:\/\/i0.wp.com\/docinterhar.ca\/wp-content\/uploads\/2023\/11\/106cd-serie-de-conferences_speaker-series-doc-inter-2020-2021-1.jpg?fit=791%2C1024&amp;ssl=1\" src=\"https:\/\/i0.wp.com\/docinterhar.ca\/wp-content\/uploads\/2023\/11\/106cd-serie-de-conferences_speaker-series-doc-inter-2020-2021-1.jpg?resize=1700%2C2200&#038;ssl=1\" alt=\"\" class=\"wp-image-4671\" \/><\/figure>","protected":false},"excerpt":{"rendered":"<p>LECTURE &#8211; Opening talk of the Montreal\u2019s Interuniversity PhD Program in Art History 2020-2021 Speaker Series, &#8220;What Art Histories for Present Times?&#8221;, with Sandra Benites Guarani Nhandewaon on December 3rd, [&hellip;]<\/p>\n","protected":false},"author":242268434,"featured_media":7903,"comment_status":"closed","ping_status":"closed","sticky":false,"template":"","format":"standard","meta":{"_crdt_document":"","advanced_seo_description":"","jetpack_seo_html_title":"","jetpack_seo_noindex":false,"_EventAllDay":false,"_EventTimezone":"","_EventStartDate":"","_EventEndDate":"","_EventStartDateUTC":"","_EventEndDateUTC":"","_EventShowMap":false,"_EventShowMapLink":false,"_EventURL":"","_EventCost":"","_EventCostDescription":"","_EventCurrencySymbol":"","_EventCurrencyCode":"","_EventCurrencyPosition":"","_EventDateTimeSeparator":"","_EventTimeRangeSeparator":"","_EventOrganizerID":[],"_EventVenueID":[],"_OrganizerEmail":"","_OrganizerPhone":"","_OrganizerWebsite":"","_VenueAddress":"","_VenueCity":"","_VenueCountry":"","_VenueProvince":"","_VenueState":"","_VenueZip":"","_VenuePhone":"","_VenueURL":"","_VenueStateProvince":"","_VenueLat":"","_VenueLng":"","_VenueShowMap":false,"_VenueShowMapLink":false,"_jetpack_memberships_contains_paid_content":false,"footnotes":"","jetpack_publicize_message":"","jetpack_publicize_feature_enabled":true,"jetpack_social_post_already_shared":true,"jetpack_social_options":{"image_generator_settings":{"template":"highway","default_image_id":0,"font":"","enabled":false},"version":2},"_wpas_customize_per_network":false},"categories":[103],"tags":[766630124],"class_list":["post-4669","post","type-post","status-publish","format-standard","has-post-thumbnail","hentry","category-news","tag-speakers-and-symposia"],"jetpack_publicize_connections":[],"jetpack_featured_media_url":"https:\/\/i0.wp.com\/docinterhar.ca\/wp-content\/uploads\/2023\/11\/acd61-1.jpg?fit=1280%2C720&ssl=1","jetpack_likes_enabled":true,"jetpack_sharing_enabled":true,"jetpack_shortlink":"https:\/\/wp.me\/pfghYs-1dj","jetpack-related-posts":[],"_links":{"self":[{"href":"https:\/\/docinterhar.ca\/fr\/wp-json\/wp\/v2\/posts\/4669","targetHints":{"allow":["GET"]}}],"collection":[{"href":"https:\/\/docinterhar.ca\/fr\/wp-json\/wp\/v2\/posts"}],"about":[{"href":"https:\/\/docinterhar.ca\/fr\/wp-json\/wp\/v2\/types\/post"}],"author":[{"embeddable":true,"href":"https:\/\/docinterhar.ca\/fr\/wp-json\/wp\/v2\/users\/242268434"}],"replies":[{"embeddable":true,"href":"https:\/\/docinterhar.ca\/fr\/wp-json\/wp\/v2\/comments?post=4669"}],"version-history":[{"count":1,"href":"https:\/\/docinterhar.ca\/fr\/wp-json\/wp\/v2\/posts\/4669\/revisions"}],"predecessor-version":[{"id":7909,"href":"https:\/\/docinterhar.ca\/fr\/wp-json\/wp\/v2\/posts\/4669\/revisions\/7909"}],"wp:featuredmedia":[{"embeddable":true,"href":"https:\/\/docinterhar.ca\/fr\/wp-json\/wp\/v2\/media\/7903"}],"wp:attachment":[{"href":"https:\/\/docinterhar.ca\/fr\/wp-json\/wp\/v2\/media?parent=4669"}],"wp:term":[{"taxonomy":"category","embeddable":true,"href":"https:\/\/docinterhar.ca\/fr\/wp-json\/wp\/v2\/categories?post=4669"},{"taxonomy":"post_tag","embeddable":true,"href":"https:\/\/docinterhar.ca\/fr\/wp-json\/wp\/v2\/tags?post=4669"}],"curies":[{"name":"wp","href":"https:\/\/api.w.org\/{rel}","templated":true}]}}