{"id":4899,"date":"2021-02-12T11:12:11","date_gmt":"2021-02-12T16:12:11","guid":{"rendered":"https:\/\/docinterhar.org\/?p=4899"},"modified":"2023-11-09T14:00:00","modified_gmt":"2023-11-09T19:00:00","slug":"les-nouveaux-modernes-4","status":"publish","type":"post","link":"https:\/\/docinterhar.ca\/fr\/2021\/02\/12\/les-nouveaux-modernes-4\/","title":{"rendered":"Les Nouveaux Modernes"},"content":{"rendered":"<p class=\"wp-block-paragraph\">CONF\u00c9RENCE \u2013 La seconde rencontre de l&#039;hiver 2021 des <a href=\"https:\/\/nouveauxmodernes.wordpress.com\/\">Nouveaux Modernes<\/a> aura lieu le <strong>vendredi 12 f\u00e9vrier 2021 \u00e0 16 h sur Zoom<\/strong>. <\/p>\n\n\n\n<p class=\"wp-block-paragraph\"><strong>Jan Blanc : \u00ab Existe-t-il des natures mortes au XVIIe si\u00e8cle ?<\/strong><\/p>\n\n\n\n<p class=\"wp-block-paragraph\">Abstract\/R\u00e9sum\u00e9 : Depuis Michael Baxandall, un nombre croissant d&#039;historien-nes de l&#039;art se sont attir\u00e9s-es sur les mots qu&#039;ils ou elles utilisent pour parler des \u0153uvres d&#039;art du pass\u00e9, notamment pour mettre en \u00e9vidence certains termes oubli\u00e9s, et dont la richesse des significations peut \u00eatre utile aujourd&#039;hui, pour forger de nouveaux concepts, utiles \u00e0 la compr\u00e9hension d&#039;id\u00e9es et de pratiques, et pour critiquer l&#039;usage de termes anachroniques et impr\u00e9cis. C&#039;est \u00e0 cette derni\u00e8re discussion que mon livre, r\u00e9cemment publi\u00e9 (<em>Stilleven : peindre les choses au XVIIIe si\u00e8cle<\/em>, 2020), a voulu contribuer, non seulement en rappelant que la notion de \u00ab nature morte \u00bb est apparue tardivement, mais aussi en soulignant que les significations qu&#039;elle recouvre le plus souvent n&#039;existent pas avant la fin du XVIIIe si\u00e8cle. Reprenant ce dossier \u00e0 la base, j&#039;ai souhait\u00e9 mettre en \u00e9vidence le contexte dans lequel la notion de&nbsp;<em>toujours pareil<\/em>&nbsp;s&#039;est construit dans la culture visuelle n\u00e9erlandaise du XVIIe si\u00e8cle, et comment elle peut nous \u00eatre utile pour comprendre un genre artistique apparu dans les Provinces-Unies durant les ann\u00e9es 1630, avant de se diffuser dans toute l&#039;Europe.<\/p>\n\n\n\n<p class=\"wp-block-paragraph\">Lien Zoom :&nbsp;<a href=\"https:\/\/umontreal.zoom.us\/j\/96751110925?pwd=NjZXd2xpV2NaYUVNeGNycTJRL1VDZz09\">https:\/\/umontreal.zoom.us\/j\/96751110925?pwd=NjZXd2xpV2NaYUVNeGNycTJRL1VDZz09<\/a><\/p>\n\n\n\n<p class=\"wp-block-paragraph\">ID de la r\u00e9union\u00a0: 967 5111 0925<\/p>\n\n\n\n<p class=\"wp-block-paragraph\">Code d&#039;acc\u00e8s : 091911<\/p>\n\n\n\n<p class=\"wp-block-paragraph\">Prochaines conf\u00e9rences pour ce semestre\/Future talks for this semestre:<\/p>\n\n\n\n<p class=\"wp-block-paragraph\">19 mars 2021\u00a0: Brendan McMahon (Universit\u00e9 du Michigan) \u00ab\u00a0Saint J\u00e9r\u00f4me revient chez lui\u00a0: mobiliser le d\u00e9sert sacr\u00e9 dans le monde espagnol du d\u00e9but de l\u2019\u00e9poque moderne\u00a0\u00bb<br>9 avril 2021 : Stephanie Dickey (Universit\u00e9 Queen&#039;s) \u00ab Rembrandt \u00e0 Amsterdam\u00a0: cr\u00e9ativit\u00e9 et comp\u00e9tition \u00bb<\/p>\n\n\n\n<p class=\"wp-block-paragraph\">Plus d&#039;informations : <a href=\"https:\/\/nouveauxmodernes.wordpress.com\/\">https:\/\/nouveauxmodernes.wordpress.com\/<\/a><\/p>","protected":false},"excerpt":{"rendered":"<p>CONF\u00c9RENCE &#8211; La seconde rencontre de l\u2019hiver 2021 des Nouveaux Modernes aura lieu le vendredi&nbsp;12&nbsp;F\u00e9vrier 2021 \u00e0 16&nbsp;h&nbsp;sur Zoom. Jan Blanc: \u201cExiste-t-il des natures mortes au XVIIe si\u00e8cle&nbsp;?\u201d Abstract\/R\u00e9sum\u00e9&nbsp;: Depuis [&hellip;]<\/p>\n","protected":false},"author":242268434,"featured_media":4897,"comment_status":"closed","ping_status":"closed","sticky":false,"template":"","format":"standard","meta":{"_crdt_document":"","advanced_seo_description":"","jetpack_seo_html_title":"","jetpack_seo_noindex":false,"_EventAllDay":false,"_EventTimezone":"","_EventStartDate":"","_EventEndDate":"","_EventStartDateUTC":"","_EventEndDateUTC":"","_EventShowMap":false,"_EventShowMapLink":false,"_EventURL":"","_EventCost":"","_EventCostDescription":"","_EventCurrencySymbol":"","_EventCurrencyCode":"","_EventCurrencyPosition":"","_EventDateTimeSeparator":"","_EventTimeRangeSeparator":"","_EventOrganizerID":[],"_EventVenueID":[],"_OrganizerEmail":"","_OrganizerPhone":"","_OrganizerWebsite":"","_VenueAddress":"","_VenueCity":"","_VenueCountry":"","_VenueProvince":"","_VenueState":"","_VenueZip":"","_VenuePhone":"","_VenueURL":"","_VenueStateProvince":"","_VenueLat":"","_VenueLng":"","_VenueShowMap":false,"_VenueShowMapLink":false,"_jetpack_memberships_contains_paid_content":false,"footnotes":"","jetpack_publicize_message":"","jetpack_publicize_feature_enabled":true,"jetpack_social_post_already_shared":true,"jetpack_social_options":{"image_generator_settings":{"template":"highway","default_image_id":0,"font":"","enabled":false},"version":2},"_wpas_customize_per_network":false},"categories":[766630162],"tags":[766630121],"class_list":["post-4899","post","type-post","status-publish","format-standard","has-post-thumbnail","hentry","category-speakers-symposia","tag-conferenciers-symposiums"],"jetpack_publicize_connections":[],"jetpack_featured_media_url":"https:\/\/i0.wp.com\/docinterhar.ca\/wp-content\/uploads\/2023\/11\/6c6cb-snm-jan-blanc.jpg?fit=724%2C1024&ssl=1","jetpack_likes_enabled":true,"jetpack_sharing_enabled":true,"jetpack_shortlink":"https:\/\/wp.me\/pfghYs-1h1","jetpack-related-posts":[],"_links":{"self":[{"href":"https:\/\/docinterhar.ca\/fr\/wp-json\/wp\/v2\/posts\/4899","targetHints":{"allow":["GET"]}}],"collection":[{"href":"https:\/\/docinterhar.ca\/fr\/wp-json\/wp\/v2\/posts"}],"about":[{"href":"https:\/\/docinterhar.ca\/fr\/wp-json\/wp\/v2\/types\/post"}],"author":[{"embeddable":true,"href":"https:\/\/docinterhar.ca\/fr\/wp-json\/wp\/v2\/users\/242268434"}],"replies":[{"embeddable":true,"href":"https:\/\/docinterhar.ca\/fr\/wp-json\/wp\/v2\/comments?post=4899"}],"version-history":[{"count":2,"href":"https:\/\/docinterhar.ca\/fr\/wp-json\/wp\/v2\/posts\/4899\/revisions"}],"predecessor-version":[{"id":7898,"href":"https:\/\/docinterhar.ca\/fr\/wp-json\/wp\/v2\/posts\/4899\/revisions\/7898"}],"wp:featuredmedia":[{"embeddable":true,"href":"https:\/\/docinterhar.ca\/fr\/wp-json\/wp\/v2\/media\/4897"}],"wp:attachment":[{"href":"https:\/\/docinterhar.ca\/fr\/wp-json\/wp\/v2\/media?parent=4899"}],"wp:term":[{"taxonomy":"category","embeddable":true,"href":"https:\/\/docinterhar.ca\/fr\/wp-json\/wp\/v2\/categories?post=4899"},{"taxonomy":"post_tag","embeddable":true,"href":"https:\/\/docinterhar.ca\/fr\/wp-json\/wp\/v2\/tags?post=4899"}],"curies":[{"name":"wp","href":"https:\/\/api.w.org\/{rel}","templated":true}]}}