{"id":5014,"date":"2021-04-07T12:30:56","date_gmt":"2021-04-07T16:30:56","guid":{"rendered":"https:\/\/docinterhar.org\/?p=5014"},"modified":"2023-11-09T13:59:00","modified_gmt":"2023-11-09T18:59:00","slug":"les-nouveaux-modernes-5","status":"publish","type":"post","link":"https:\/\/docinterhar.ca\/fr\/2021\/04\/07\/les-nouveaux-modernes-5\/","title":{"rendered":"Les Nouveaux Modernes"},"content":{"rendered":"<p class=\"wp-block-paragraph\">CONF\u00c9RENCE \u2013 La prochaine r\u00e9union de <a href=\"https:\/\/nouveauxmodernes.wordpress.com\/\">les Nouveaux Modernes<\/a> pour l&#039;hiver 2021 aura lieu le&nbsp;<strong>Vendredi 9 avril \u00e0 16h sur Zoom.<\/strong><\/p>\n\n\n\n<p class=\"wp-block-paragraph\">Titre de la conf\u00e9rence : <strong>\u00ab Rembrandt \u00e0 Amsterdam : cr\u00e9ativit\u00e9 et comp\u00e9tition \u00bb par Stephanie Dickey&nbsp;<\/strong>(Professeur et titulaire de la chaire Bader d&#039;art baroque du Nord, Universit\u00e9 Queen&#039;s)<\/p>\n\n\n\n<p class=\"wp-block-paragraph\"><strong><br><\/strong>Lien Zoom :&nbsp;<strong><a href=\"https:\/\/umontreal.zoom.us\/j\/99655394038?pwd=MWZ6SzIrWlVvZjdZeW5KTzlUSUt0Zz09\">https:\/\/umontreal.zoom.us\/j\/99655394038?pwd=MWZ6SzIrWlVvZjdZeW5KTzlUSUt0Zz09<\/a><\/strong><\/p>\n\n\n\n<p class=\"wp-block-paragraph\">ID de r\u00e9union\u00a0: 996 5539 4038<\/p>\n\n\n\n<p class=\"wp-block-paragraph\">Code d&#039;acc\u00e8s : 213903<\/p>\n\n\n\n<p class=\"wp-block-paragraph\"><\/p>\n\n\n\n<p class=\"wp-block-paragraph\">Le s\u00e9minaire des Nouveaux Modernes est un groupe de recherche en histoire de l&#039;art bas\u00e9 \u00e0 Montr\u00e9al, au Canada. Nous organisons et diffusons des \u00e9v\u00e9nements dans la r\u00e9gion de Montr\u00e9al li\u00e9s \u00e0 l&#039;\u00e9tude de l&#039;art europ\u00e9en du Moyen \u00c2ge aux Lumi\u00e8res.&nbsp;<\/p>\n\n\n\n<p class=\"wp-block-paragraph\">Plus d&#039;informations : <a href=\"https:\/\/nouveauxmodernes.wordpress.com\/\">https:\/\/nouveauxmodernes.wordpress.com\/<\/a><\/p>","protected":false},"excerpt":{"rendered":"<p>LECTURE &#8211; The next meeting of the Nouveaux Modernes for Winter 2021 will take place on&nbsp;Friday, April 9 at 4pm on Zoom. Talk title&nbsp;: \u201cRembrandt in Amsterdam: Creativity and Competition\u201d [&hellip;]<\/p>\n","protected":false},"author":242268434,"featured_media":5015,"comment_status":"closed","ping_status":"closed","sticky":false,"template":"","format":"standard","meta":{"_crdt_document":"","advanced_seo_description":"","jetpack_seo_html_title":"","jetpack_seo_noindex":false,"_EventAllDay":false,"_EventTimezone":"","_EventStartDate":"","_EventEndDate":"","_EventStartDateUTC":"","_EventEndDateUTC":"","_EventShowMap":false,"_EventShowMapLink":false,"_EventURL":"","_EventCost":"","_EventCostDescription":"","_EventCurrencySymbol":"","_EventCurrencyCode":"","_EventCurrencyPosition":"","_EventDateTimeSeparator":"","_EventTimeRangeSeparator":"","_EventOrganizerID":[],"_EventVenueID":[],"_OrganizerEmail":"","_OrganizerPhone":"","_OrganizerWebsite":"","_VenueAddress":"","_VenueCity":"","_VenueCountry":"","_VenueProvince":"","_VenueState":"","_VenueZip":"","_VenuePhone":"","_VenueURL":"","_VenueStateProvince":"","_VenueLat":"","_VenueLng":"","_VenueShowMap":false,"_VenueShowMapLink":false,"_jetpack_memberships_contains_paid_content":false,"footnotes":"","jetpack_publicize_message":"","jetpack_publicize_feature_enabled":true,"jetpack_social_post_already_shared":true,"jetpack_social_options":{"image_generator_settings":{"template":"highway","default_image_id":0,"font":"","enabled":false},"version":2},"_wpas_customize_per_network":false},"categories":[103],"tags":[766630124],"class_list":["post-5014","post","type-post","status-publish","format-standard","has-post-thumbnail","hentry","category-news","tag-speakers-and-symposia"],"jetpack_publicize_connections":[],"jetpack_featured_media_url":"https:\/\/i0.wp.com\/docinterhar.ca\/wp-content\/uploads\/2023\/11\/554f3-snm_dickey.png?fit=724%2C1024&ssl=1","jetpack_likes_enabled":true,"jetpack_sharing_enabled":true,"jetpack_shortlink":"https:\/\/wp.me\/pfghYs-1iS","jetpack-related-posts":[],"_links":{"self":[{"href":"https:\/\/docinterhar.ca\/fr\/wp-json\/wp\/v2\/posts\/5014","targetHints":{"allow":["GET"]}}],"collection":[{"href":"https:\/\/docinterhar.ca\/fr\/wp-json\/wp\/v2\/posts"}],"about":[{"href":"https:\/\/docinterhar.ca\/fr\/wp-json\/wp\/v2\/types\/post"}],"author":[{"embeddable":true,"href":"https:\/\/docinterhar.ca\/fr\/wp-json\/wp\/v2\/users\/242268434"}],"replies":[{"embeddable":true,"href":"https:\/\/docinterhar.ca\/fr\/wp-json\/wp\/v2\/comments?post=5014"}],"version-history":[{"count":1,"href":"https:\/\/docinterhar.ca\/fr\/wp-json\/wp\/v2\/posts\/5014\/revisions"}],"predecessor-version":[{"id":7897,"href":"https:\/\/docinterhar.ca\/fr\/wp-json\/wp\/v2\/posts\/5014\/revisions\/7897"}],"wp:featuredmedia":[{"embeddable":true,"href":"https:\/\/docinterhar.ca\/fr\/wp-json\/wp\/v2\/media\/5015"}],"wp:attachment":[{"href":"https:\/\/docinterhar.ca\/fr\/wp-json\/wp\/v2\/media?parent=5014"}],"wp:term":[{"taxonomy":"category","embeddable":true,"href":"https:\/\/docinterhar.ca\/fr\/wp-json\/wp\/v2\/categories?post=5014"},{"taxonomy":"post_tag","embeddable":true,"href":"https:\/\/docinterhar.ca\/fr\/wp-json\/wp\/v2\/tags?post=5014"}],"curies":[{"name":"wp","href":"https:\/\/api.w.org\/{rel}","templated":true}]}}