{"id":5029,"date":"2021-04-14T14:19:21","date_gmt":"2021-04-14T18:19:21","guid":{"rendered":"https:\/\/docinterhar.org\/?p=5029"},"modified":"2023-11-09T14:06:07","modified_gmt":"2023-11-09T19:06:07","slug":"conference-docinter-stephanie-bertrand","status":"publish","type":"post","link":"https:\/\/docinterhar.ca\/fr\/2021\/04\/14\/conference-docinter-stephanie-bertrand\/","title":{"rendered":"Conf\u00e9rence docinter \u2013 St\u00e9phanie Bertrand"},"content":{"rendered":"<p class=\"wp-block-paragraph\">CONF\u00c9RENCE \u2013 Sixi\u00e8me conf\u00e9rence du Cycle 2020-2021 du Programme de doctorat interuniversitaire en histoire de l&#039;art, \u00ab Quelles histoires de l&#039;art pour le temps pr\u00e9sent ? \u00bb le <strong>22 avril 2021 \u00e0 12 h sur ZOOM.<\/strong><\/p>\n\n\n\n<p class=\"wp-block-paragraph\">Titre de la conf\u00e9rence : <strong>Effets curatoriaux. L&#039;impact des pratiques d&#039;exposition sur la r\u00e9f\u00e9rence artistique et la r\u00e9ception du public.<\/strong><\/p>\n\n\n\n<p class=\"wp-block-paragraph\">St\u00e9phanie Bertrand est une commissaire d&#039;exposition canadienne, \u00e9crivaine et chercheuse postdoctorale Marie Sklodowska-Curie bas\u00e9e entre Montr\u00e9al et Thessalonique. Au cours de la derni\u00e8re d\u00e9cennie, elle a organis\u00e9 des expositions et particip\u00e9 \u00e0 des projets artistiques et de recherche en Am\u00e9rique du Nord et du Sud, et en Europe. R\u00e9cemment, elle a \u00e9t\u00e9 engag\u00e9e en tant qu&#039;experte par l&#039;UE Horizon 2020 ViMM\u2013Virtual Multimodal Museums, charg\u00e9e d&#039;\u00e9tablir une strat\u00e9gie europ\u00e9enne sur les mus\u00e9es virtuels et le patrimoine culturel num\u00e9rique (2016-2019). Sa conf\u00e9rence, intitul\u00e9e \u00ab Curatorial Effects. The Impact of Exhibition Practices on Artistic Reference and Public Reception \u00bb, pr\u00e9sente une partie de son prochain livre, \u00e0 para\u00eetre chez Routledge en ao\u00fbt 2021.<\/p>\n\n\n\n<p class=\"wp-block-paragraph\">R\u00e9pondante : Mariah O&#039;Brien (Universit\u00e9 de Montr\u00e9al)<\/p>\n\n\n\n<p class=\"wp-block-paragraph\">Lien Zoom : <a href=\"https:\/\/umontreal.zoom.us\/j\/95889420324\" target=\"_blank\" rel=\"noreferrer noopener\"> https:\/\/umontreal.zoom.us\/j\/95889420324<\/a><\/p>\n\n\n\n<p class=\"wp-block-paragraph\">ID de r\u00e9union\u00a0: 958 8942 0324<br>Mot de passe : 003668<\/p>\n\n\n\n<p class=\"wp-block-paragraph\">Plus d&#039;informations : <a href=\"https:\/\/fb.me\/e\/8NobYLE3P\">https:\/\/fb.me\/e\/8NobYLE3P<\/a><\/p>\n\n\n\n<figure class=\"wp-block-image size-large\"><a href=\"https:\/\/fb.me\/e\/8NobYLE3P\"><img data-recalc-dims=\"1\" loading=\"lazy\" decoding=\"async\" width=\"1275\" height=\"1650\" data-attachment-id=\"5031\" data-permalink=\"https:\/\/docinterhar.ca\/fr\/2021\/04\/14\/conference-docinter-stephanie-bertrand\/stephanie-bertrand_22-avril_fr_page-0001\/\" data-orig-file=\"https:\/\/i0.wp.com\/docinterhar.ca\/wp-content\/uploads\/2023\/11\/9a028-stephanie-bertrand_22-avril_fr_page-0001.jpg?fit=1275%2C1650&amp;ssl=1\" data-orig-size=\"1275,1650\" data-comments-opened=\"0\" data-image-meta=\"{&quot;aperture&quot;:&quot;0&quot;,&quot;credit&quot;:&quot;&quot;,&quot;camera&quot;:&quot;&quot;,&quot;caption&quot;:&quot;&quot;,&quot;created_timestamp&quot;:&quot;0&quot;,&quot;copyright&quot;:&quot;&quot;,&quot;focal_length&quot;:&quot;0&quot;,&quot;iso&quot;:&quot;0&quot;,&quot;shutter_speed&quot;:&quot;0&quot;,&quot;title&quot;:&quot;&quot;,&quot;orientation&quot;:&quot;0&quot;}\" data-image-title=\"Stephanie-Bertrand_22-avril_FR_page-0001\" data-image-description=\"\" data-image-caption=\"\" data-large-file=\"https:\/\/i0.wp.com\/docinterhar.ca\/wp-content\/uploads\/2023\/11\/9a028-stephanie-bertrand_22-avril_fr_page-0001.jpg?fit=791%2C1024&amp;ssl=1\" src=\"https:\/\/i0.wp.com\/docinterhar.ca\/wp-content\/uploads\/2023\/11\/9a028-stephanie-bertrand_22-avril_fr_page-0001.jpg?resize=1275%2C1650&#038;ssl=1\" alt=\"\" class=\"wp-image-5031\"\/><\/a><\/figure>","protected":false},"excerpt":{"rendered":"<p>CONF\u00c9RENCE &#8211; Sixi\u00e8me conf\u00e9rence du Cycle 2020-2021 du Programme de doctorat interuniversitaire en histoire de l&#8217;art, \u00ab Quelles histoires de l&#8217;art pour le temps pr\u00e9sent ? \u00bb le 22 avril [&hellip;]<\/p>\n","protected":false},"author":242268434,"featured_media":7903,"comment_status":"closed","ping_status":"closed","sticky":false,"template":"","format":"standard","meta":{"_crdt_document":"","advanced_seo_description":"","jetpack_seo_html_title":"","jetpack_seo_noindex":false,"_EventAllDay":false,"_EventTimezone":"","_EventStartDate":"","_EventEndDate":"","_EventStartDateUTC":"","_EventEndDateUTC":"","_EventShowMap":false,"_EventShowMapLink":false,"_EventURL":"","_EventCost":"","_EventCostDescription":"","_EventCurrencySymbol":"","_EventCurrencyCode":"","_EventCurrencyPosition":"","_EventDateTimeSeparator":"","_EventTimeRangeSeparator":"","_EventOrganizerID":[],"_EventVenueID":[],"_OrganizerEmail":"","_OrganizerPhone":"","_OrganizerWebsite":"","_VenueAddress":"","_VenueCity":"","_VenueCountry":"","_VenueProvince":"","_VenueState":"","_VenueZip":"","_VenuePhone":"","_VenueURL":"","_VenueStateProvince":"","_VenueLat":"","_VenueLng":"","_VenueShowMap":false,"_VenueShowMapLink":false,"_jetpack_memberships_contains_paid_content":false,"footnotes":"","jetpack_publicize_message":"","jetpack_publicize_feature_enabled":true,"jetpack_social_post_already_shared":true,"jetpack_social_options":{"image_generator_settings":{"template":"highway","default_image_id":0,"font":"","enabled":false},"version":2},"_wpas_customize_per_network":false},"categories":[766630161,766630162],"tags":[766630121],"class_list":["post-5029","post","type-post","status-publish","format-standard","has-post-thumbnail","hentry","category-program-events","category-speakers-symposia","tag-conferenciers-symposiums"],"jetpack_publicize_connections":[],"jetpack_featured_media_url":"https:\/\/i0.wp.com\/docinterhar.ca\/wp-content\/uploads\/2023\/11\/acd61-1.jpg?fit=1280%2C720&ssl=1","jetpack_likes_enabled":true,"jetpack_sharing_enabled":true,"jetpack_shortlink":"https:\/\/wp.me\/pfghYs-1j7","jetpack-related-posts":[],"_links":{"self":[{"href":"https:\/\/docinterhar.ca\/fr\/wp-json\/wp\/v2\/posts\/5029","targetHints":{"allow":["GET"]}}],"collection":[{"href":"https:\/\/docinterhar.ca\/fr\/wp-json\/wp\/v2\/posts"}],"about":[{"href":"https:\/\/docinterhar.ca\/fr\/wp-json\/wp\/v2\/types\/post"}],"author":[{"embeddable":true,"href":"https:\/\/docinterhar.ca\/fr\/wp-json\/wp\/v2\/users\/242268434"}],"replies":[{"embeddable":true,"href":"https:\/\/docinterhar.ca\/fr\/wp-json\/wp\/v2\/comments?post=5029"}],"version-history":[{"count":2,"href":"https:\/\/docinterhar.ca\/fr\/wp-json\/wp\/v2\/posts\/5029\/revisions"}],"predecessor-version":[{"id":7910,"href":"https:\/\/docinterhar.ca\/fr\/wp-json\/wp\/v2\/posts\/5029\/revisions\/7910"}],"wp:featuredmedia":[{"embeddable":true,"href":"https:\/\/docinterhar.ca\/fr\/wp-json\/wp\/v2\/media\/7903"}],"wp:attachment":[{"href":"https:\/\/docinterhar.ca\/fr\/wp-json\/wp\/v2\/media?parent=5029"}],"wp:term":[{"taxonomy":"category","embeddable":true,"href":"https:\/\/docinterhar.ca\/fr\/wp-json\/wp\/v2\/categories?post=5029"},{"taxonomy":"post_tag","embeddable":true,"href":"https:\/\/docinterhar.ca\/fr\/wp-json\/wp\/v2\/tags?post=5029"}],"curies":[{"name":"wp","href":"https:\/\/api.w.org\/{rel}","templated":true}]}}