{"id":5392,"date":"2022-01-13T18:41:22","date_gmt":"2022-01-13T23:41:22","guid":{"rendered":"https:\/\/docinterhar.org\/?p=5392"},"modified":"2023-11-09T09:50:35","modified_gmt":"2023-11-09T14:50:35","slug":"appel-a-candidatures-lantiquite-et-ses-receptions-ecole-dete-1ere-edition-rome-tivoli-du-26-juin-au-2-juillet-2022","status":"publish","type":"post","link":"https:\/\/docinterhar.ca\/fr\/2022\/01\/13\/appel-a-candidatures-lantiquite-et-ses-receptions-ecole-dete-1ere-edition-rome-tivoli-du-26-juin-au-2-juillet-2022\/","title":{"rendered":"Appel \u00e0 candidatures \u2013 \u00ab L&#039;Antiquit\u00e9 et ses r\u00e9ceptions \u00bb \u2013 \u00c9cole d&#039;\u00e9t\u00e9, 1\u00e8re \u00e9dition, Rome-Tivoli, du 26 juin au 2 juillet 2022"},"content":{"rendered":"<figure class=\"wp-block-image size-large\"><img data-recalc-dims=\"1\" decoding=\"async\" src=\"https:\/\/i0.wp.com\/docinterhar.ca\/wp-content\/uploads\/2023\/11\/3dcd3-csm_immagine_educazione_ippolito_82897e6f1d-1.jpg?ssl=1\" alt=\"\" class=\"wp-image-5393\" \/><\/figure>\n\n\n\n<p class=\"wp-block-paragraph\">L&#039;\u00c9cole d&#039;\u00e9t\u00e9 de formation et de recherche \u00ab L&#039;Antiquit\u00e9 et ses r\u00e9ceptions \u00bb est organis\u00e9e par l&#039;\u00c9cole Fran\u00e7aise de Rome et University of Notre Dame Rome Global Gateway, en partenariat avec les universit\u00e9s d&#039;Avignon, Columbia, Montr\u00e9al, Sorbonne Universit\u00e9, Rouen-Normandie et Sapienza Roma. Elle est ouverte aux jeunes chercheurs et chercheuses inscrites.es en deuxi\u00e8me ann\u00e9e de Master ou en doctorat, sp\u00e9cialistes d&#039;histoire, d&#039;histoire de l&#039;art, d&#039;arch\u00e9ologie, de philologie ou de toute autre discipline int\u00e9ress\u00e9e par le th\u00e8me de la r\u00e9ception de l&#039;Antiquit\u00e9. <\/p>\n\n\n\n<p class=\"wp-block-paragraph\">De caract\u00e8re international, elle a pour ambition d&#039;\u00e9tablir un dialogue multilingue (fran\u00e7ais, italien et anglais) entre les diff\u00e9rentes m\u00e9thodologies en vigueur en Europe, en Am\u00e9rique du Nord et ailleurs, et de favoriser ainsi l&#039;interdisciplinarit\u00e9. Elle pr\u00e9voit parall\u00e8lement d&#039;\u00e9prouver ces m\u00e9thodologies sur le terrain, en collaboration avec les institutions patrimoniales, telles que les mus\u00e9es, les parcs arch\u00e9ologiques, les archives et les biblioth\u00e8ques \u00e0 Rome et \u00e0 Tivoli.<\/p>\n\n\n\n<p class=\"wp-block-paragraph\">Pour la premi\u00e8re \u00e9dition, le th\u00e8me de la Villa d&#039;Hadrien a \u00e9t\u00e9 choisi et b\u00e9n\u00e9ficie du soutien de l&#039;Istituto Autonomo Villa Adriana e Villa d&#039;Este. \u00a0<\/p>\n\n\n\n<p class=\"wp-block-paragraph\">L&#039;encadrement sera assur\u00e9 par six enseignant.es. La semaine se d\u00e9roulera sur cinq jours (du lundi au vendredi). Elle sera structur\u00e9e par des s\u00e9minaires en italien, fran\u00e7ais et anglais assur\u00e9s par des professeur.es et des intervenant.es choisis.es et des visites sur les sites (voir programme en bas de page). \u00c0 la fin de la semaine, les \u00e9tudiants.es pr\u00e9senteront un travail reli\u00e9 \u00e0 l&#039;une des probl\u00e9matiques soulev\u00e9es et discut\u00e9es durant l&#039;\u00c9cole. Une bibliographie d&#039;orientation leur sera envoy\u00e9e apr\u00e8s leur s\u00e9lection. Une conf\u00e9rence pl\u00e9ni\u00e8re \u00e0 la Villa d&#039;Este cl\u00f4turera les travaux.<\/p>\n\n\n\n<p class=\"wp-block-paragraph\">Les institutions organisatrices prennent en charge le logement des \u00e9tudiants.es retenus.es (en chambre simple individuelle) et les d\u00e9jeuners, ainsi que les frais d&#039;entr\u00e9es sur les sites ou dans les mus\u00e9es. Elles pourront \u00e9galement couvrir les frais de voyage pour les \u00e9tudiants.es qui ne pourraient b\u00e9n\u00e9ficier d&#039;un financement de la part de leurs institutions d&#039;appartenance. \u00a0<\/p>\n\n\n\n<p class=\"wp-block-paragraph\"><br><em>Responsables de l&#039;\u00e9dition 2022 :<\/em><\/p>\n\n\n\n<p class=\"wp-block-paragraph\">Denis Ribouillault (Universit\u00e9 de Montr\u00e9al),<\/p>\n\n\n\n<p class=\"wp-block-paragraph\">Ingrid Rowland (Universit\u00e9 de Notre Dame),<\/p>\n\n\n\n<p class=\"wp-block-paragraph\">Ginette Vagenheim (Universit\u00e9 de Rouen-Normandie).<\/p>\n\n\n\n<p class=\"wp-block-paragraph\"><\/p>\n\n\n\n<h4 class=\"wp-block-heading\">D\u00e9p\u00f4t des candidatures<\/h4>\n\n\n\n<p class=\"wp-block-paragraph\">Les dossiers de candidature doivent \u00eatre d\u00e9pos\u00e9s avant le 31 janvier 2022 12h (heure de Rome) au lien suivant :<\/p>\n\n\n\n<p class=\"wp-block-paragraph\"><a href=\"https:\/\/candidatures.efrome.it\/l_antiquite_et_ses_receptions\">https:\/\/candidatures.efrome.it\/l_antiquite_et_ses_receptions<\/a><\/p>\n\n\n\n<p class=\"wp-block-paragraph\">Les candidats doivent envoyer un dossier r\u00e9dig\u00e9 dans l&#039;une des trois langues de l&#039;\u00e9cole d&#039;\u00e9t\u00e9 (anglais, italien ou fran\u00e7ais) et comportant :<\/p>\n\n\n\n<ul class=\"wp-block-list\"><li>un curriculum vitae ;<\/li><\/ul>\n\n\n\n<ul class=\"wp-block-list\"><li>une lettre de motivation soigneusement argument\u00e9e et une attestation motiv\u00e9e du directeur ou de la directrice de th\u00e8se ou d&#039;une autre personnalit\u00e9 scientifique (en un seul fichier pdf).<\/li><\/ul>\n\n\n\n<h4 class=\"wp-block-heading\">Contact<\/h4>\n\n\n\n<p class=\"wp-block-paragraph\">Secr\u00e9tariat des \u00e9tudes pour l&#039;Antiquit\u00e9 \u00e0 l&#039;\u00c9cole fran\u00e7aise de Rome :&nbsp;<a href=\"mailto:secrant@efrome.it\">secrant(at)efrome.it<\/a>.<\/p>","protected":false},"excerpt":{"rendered":"<p>L\u2019\u00c9cole d\u2019\u00e9t\u00e9 de formation et de recherche \u00ab L\u2019Antiquit\u00e9 et ses r\u00e9ceptions \u00bb est organis\u00e9e par l\u2019\u00c9cole Fran\u00e7aise de Rome et University of Notre Dame Rome Global Gateway, en partenariat [&hellip;]<\/p>\n","protected":false},"author":242268434,"featured_media":0,"comment_status":"closed","ping_status":"closed","sticky":false,"template":"","format":"standard","meta":{"_crdt_document":"","advanced_seo_description":"","jetpack_seo_html_title":"","jetpack_seo_noindex":false,"_EventAllDay":false,"_EventTimezone":"","_EventStartDate":"","_EventEndDate":"","_EventStartDateUTC":"","_EventEndDateUTC":"","_EventShowMap":false,"_EventShowMapLink":false,"_EventURL":"","_EventCost":"","_EventCostDescription":"","_EventCurrencySymbol":"","_EventCurrencyCode":"","_EventCurrencyPosition":"","_EventDateTimeSeparator":"","_EventTimeRangeSeparator":"","_EventOrganizerID":[],"_EventVenueID":[],"_OrganizerEmail":"","_OrganizerPhone":"","_OrganizerWebsite":"","_VenueAddress":"","_VenueCity":"","_VenueCountry":"","_VenueProvince":"","_VenueState":"","_VenueZip":"","_VenuePhone":"","_VenueURL":"","_VenueStateProvince":"","_VenueLat":"","_VenueLng":"","_VenueShowMap":false,"_VenueShowMapLink":false,"_jetpack_memberships_contains_paid_content":false,"footnotes":"","jetpack_publicize_message":"","jetpack_publicize_feature_enabled":true,"jetpack_social_post_already_shared":true,"jetpack_social_options":{"image_generator_settings":{"template":"highway","default_image_id":0,"font":"","enabled":false},"version":2},"_wpas_customize_per_network":false},"categories":[766630160],"tags":[33769875,363837],"class_list":["post-5392","post","type-post","status-publish","format-standard","hentry","category-call-for-papers","tag-appels-a-communication","tag-ateliers"],"jetpack_publicize_connections":[],"jetpack_featured_media_url":"","jetpack_likes_enabled":true,"jetpack_sharing_enabled":true,"jetpack_shortlink":"https:\/\/wp.me\/pfghYs-1oY","jetpack-related-posts":[],"_links":{"self":[{"href":"https:\/\/docinterhar.ca\/fr\/wp-json\/wp\/v2\/posts\/5392","targetHints":{"allow":["GET"]}}],"collection":[{"href":"https:\/\/docinterhar.ca\/fr\/wp-json\/wp\/v2\/posts"}],"about":[{"href":"https:\/\/docinterhar.ca\/fr\/wp-json\/wp\/v2\/types\/post"}],"author":[{"embeddable":true,"href":"https:\/\/docinterhar.ca\/fr\/wp-json\/wp\/v2\/users\/242268434"}],"replies":[{"embeddable":true,"href":"https:\/\/docinterhar.ca\/fr\/wp-json\/wp\/v2\/comments?post=5392"}],"version-history":[{"count":1,"href":"https:\/\/docinterhar.ca\/fr\/wp-json\/wp\/v2\/posts\/5392\/revisions"}],"predecessor-version":[{"id":7590,"href":"https:\/\/docinterhar.ca\/fr\/wp-json\/wp\/v2\/posts\/5392\/revisions\/7590"}],"wp:attachment":[{"href":"https:\/\/docinterhar.ca\/fr\/wp-json\/wp\/v2\/media?parent=5392"}],"wp:term":[{"taxonomy":"category","embeddable":true,"href":"https:\/\/docinterhar.ca\/fr\/wp-json\/wp\/v2\/categories?post=5392"},{"taxonomy":"post_tag","embeddable":true,"href":"https:\/\/docinterhar.ca\/fr\/wp-json\/wp\/v2\/tags?post=5392"}],"curies":[{"name":"wp","href":"https:\/\/api.w.org\/{rel}","templated":true}]}}