{"id":5486,"date":"2022-03-27T17:30:23","date_gmt":"2022-03-27T21:30:23","guid":{"rendered":"https:\/\/docinterhar.org\/?p=5486"},"modified":"2023-11-09T15:15:21","modified_gmt":"2023-11-09T20:15:21","slug":"doctoral-forum-2","status":"publish","type":"post","link":"https:\/\/docinterhar.ca\/fr\/2022\/03\/27\/doctoral-forum-2\/","title":{"rendered":"Forum doctoral"},"content":{"rendered":"<p class=\"wp-block-paragraph\">FORUM DOCTORAL \u2013 Nous avons le plaisir d\u2019annoncer que le prochain Forum Doctoral du Doctorat Interuniversitaire en Histoire de l\u2019Art se tiendra le <strong>Vendredi 1er avril 2022 de 9h30 \u00e0 17h00 \u00e0 l&#039;Universit\u00e9 de Montr\u00e9al, Pavillon Lionel-Groulx, local C-2059 3150, rue Jean-Brillant.<\/strong><\/p>\n\n\n\n<p class=\"wp-block-paragraph\">Lien Zoom : <a href=\"https:\/\/umontreal.zoom.us\/j\/81105151135?pwd=R1pscCsyL3huVE5ObEdxNmNLeVFIQT09\" target=\"_blank\" rel=\"noreferrer noopener\">https:\/\/umontreal.zoom.us\/j\/81105151135?pwd=R1pscCsyL3huVE5ObEdxNmNLeVFIQT09<\/a><\/p>\n\n\n\n<p class=\"wp-block-paragraph\">Capacit\u00e9 limit\u00e9e \u00e0 20 personnes \u2013 <strong>RSVP \u2013 <strong><strong>Julie<\/strong><\/strong> <strong>Pelletier<\/strong> : j.pelletier@umontreal.ca<\/strong><\/p>\n\n\n\n<div class=\"wp-block-ugb-divider ugb-divider ugb-7e36461 ugb-divider--v2 ugb-divider--design-basic ugb-main-block\" id=\"\">.ugb-7e36461 h.ugb-divider__h{margin-left:auto !important;margin-right:auto !important}<div class=\"ugb-inner-block\"><div class=\"ugb-block-content\"><hr class=\"ugb-divider__hr\"><\/div><\/div><\/div>\n\n\n\n<p class=\"wp-block-paragraph\"><em>PROGRAMME<\/em><\/p>\n\n\n\n<div style=\"height:20px\" aria-hidden=\"true\" class=\"wp-block-spacer\"><\/div>\n\n\n\n<p class=\"wp-block-paragraph\"><strong><em>9h30 \u2013 Caf\u00e9 et viennoiseries<\/em><\/strong><\/p>\n\n\n\n<div style=\"height:20px\" aria-hidden=\"true\" class=\"wp-block-spacer\"><\/div>\n\n\n\n<p class=\"wp-block-paragraph\">10h00 \u2013 Accueil<\/p>\n\n\n\n<div style=\"height:20px\" aria-hidden=\"true\" class=\"wp-block-spacer\"><\/div>\n\n\n\n<p class=\"wp-block-paragraph\">10h10 \u2013 11h10&nbsp;&nbsp;<\/p>\n\n\n\n<p class=\"wp-block-paragraph\"><strong>St\u00e9phanie Hornstein, Universit\u00e9 Concordia.<\/strong><\/p>\n\n\n\n<p class=\"wp-block-paragraph\">Titre de la th\u00e8se : <em>Repr\u00e9senter l&#039;Orient : mod\u00e8les dans les photographies de voyage de l&#039;\u00c9gypte et du Japon, 1839-1914.<\/em><\/p>\n\n\n\n<p class=\"wp-block-paragraph\">Titre de la pr\u00e9sentation : \u00ab \u00c9tude de cas : \u00c9valuer le colosse. \u00bb<\/p>\n\n\n\n<p class=\"wp-block-paragraph\">Superviseur : Prof. Martha Langford, Universit\u00e9 Concordia.<\/p>\n\n\n\n<div style=\"height:20px\" aria-hidden=\"true\" class=\"wp-block-spacer\"><\/div>\n\n\n\n<p class=\"wp-block-paragraph\"><em>11h10 \u2013 Pause de 10 minutes<\/em><\/p>\n\n\n\n<div style=\"height:20px\" aria-hidden=\"true\" class=\"wp-block-spacer\"><\/div>\n\n\n\n<p class=\"wp-block-paragraph\">11h20 \u2013 12h20<\/p>\n\n\n\n<p class=\"wp-block-paragraph\"><strong>Fr\u00e9d\u00e9rik Gu\u00e9rin, UQAM.<\/strong><strong><\/strong><\/p>\n\n\n\n<p class=\"wp-block-paragraph\">Titre de la th\u00e8se : <em>L&#039;histoire de l&#039;architecture domestique \u00e0 Qu\u00e9bec sous le R\u00e9gime fran\u00e7ais, 1655-1755.<\/em><\/p>\n\n\n\n<p class=\"wp-block-paragraph\">Titre de la pr\u00e9sentation : \u00ab Du hameau \u00e0 la \u00ab ville \u00bb : l&#039;architecture domestique \u00e0 Qu\u00e9bec de 1655 \u00e0 1680 \u00bb.<\/p>\n\n\n\n<p class=\"wp-block-paragraph\">Direction de recherche : Pr Pierre-\u00c9douard Latouche, UQAM.<\/p>\n\n\n\n<p class=\"wp-block-paragraph\">Codirection de recherche : Pr \u00c9milie d&#039;Orgeix, \u00c9cole Pratique des Hautes \u00c9tudes, Paris.<\/p>\n\n\n\n<div style=\"height:20px\" aria-hidden=\"true\" class=\"wp-block-spacer\"><\/div>\n\n\n\n<p class=\"wp-block-paragraph\"><strong><em>12h30- 13h30 \u2013 D\u00e9jeuner<\/em><\/strong><\/p>\n\n\n\n<div style=\"height:20px\" aria-hidden=\"true\" class=\"wp-block-spacer\"><\/div>\n\n\n\n<p class=\"wp-block-paragraph\">13h30-14h30<\/p>\n\n\n\n<p class=\"wp-block-paragraph\"><strong>Charissa Von Harringa, Universit\u00e9 Concordia.<\/strong><\/p>\n\n\n\n<p class=\"wp-block-paragraph\">Titre de la th\u00e8se : <em>Po\u00e9thique circumpolaire : art autochtone circumpolaire contemporain, institutions et pratiques d\u2019exposition transnationales.<\/em><\/p>\n\n\n\n<p class=\"wp-block-paragraph\">Titre de la pr\u00e9sentation : \u00ab M\u00e9dias autochtones de l\u2019Arctique et performance dans l\u2019espace institutionnel \u00bb.<\/p>\n\n\n\n<p class=\"wp-block-paragraph\">Superviseur : Prof. Heather Igloliorte, Universit\u00e9 Concordia.<\/p>\n\n\n\n<div style=\"height:20px\" aria-hidden=\"true\" class=\"wp-block-spacer\"><\/div>\n\n\n\n<p class=\"wp-block-paragraph\"><em>14h30 \u2013 Pause de 10 minutes<\/em><\/p>\n\n\n\n<div style=\"height:20px\" aria-hidden=\"true\" class=\"wp-block-spacer\"><\/div>\n\n\n\n<p class=\"wp-block-paragraph\">14h40-15h40<\/p>\n\n\n\n<p class=\"wp-block-paragraph\"><strong>Talitha Bueno Motter, Universit\u00e9 de Montr\u00e9al<br><\/strong><\/p>\n\n\n\n<p class=\"wp-block-paragraph\">Titre de la th\u00e8se :<em>Les r\u00e9seaux sensibles : une \u00e9tude des revues d&#039;art num\u00e9rique au Br\u00e9sil.<\/em><br><\/p>\n\n\n\n<p class=\"wp-block-paragraph\">Titre de la pr\u00e9sentation : \u00ab Les critiques d&#039;art de l&#039;<em>eRevista Performatus<\/em>&nbsp;et la&nbsp;<em>Revue Desvio<\/em>&nbsp;: un regard comparatif sur leurs artistes-th\u00e8mes \u00e0 travers l&#039;analyse de r\u00e9seau \u00bb.<br>Direction de recherche : Pr Emmanuel Ch\u00e2teau-Dutier, Universit\u00e9 de Montr\u00e9al.<\/p>\n\n\n\n<p class=\"wp-block-paragraph\">Codirection de recherche : Pr Christine Bernier, Universit\u00e9 de Montr\u00e9al.<\/p>\n\n\n\n<div style=\"height:20px\" aria-hidden=\"true\" class=\"wp-block-spacer\"><\/div>\n\n\n\n<p class=\"wp-block-paragraph\"><em>15h40 \u2013 Pause de 10 minutes<\/em><\/p>\n\n\n\n<div style=\"height:20px\" aria-hidden=\"true\" class=\"wp-block-spacer\"><\/div>\n\n\n\n<p class=\"wp-block-paragraph\">15h50-16h50<\/p>\n\n\n\n<p class=\"wp-block-paragraph\"><strong>Julie Richard, UQAM.<\/strong><\/p>\n\n\n\n<p class=\"wp-block-paragraph\">Titre de la th\u00e8se : <em>Performance, r\u00e9sistance et subjectivation du territoire : Des praxis queer de l&#039;espace public de la premi\u00e8re moiti\u00e9 du XXe si\u00e8cle au d\u00e9but des ann\u00e9es 2000<\/em>.<\/p>\n\n\n\n<p class=\"wp-block-paragraph\">Titre de la pr\u00e9sentation : \u00ab Remise en question des espaces publics h\u00e9t\u00e9ronorm\u00e9s : Des praxis queer de la premi\u00e8re moiti\u00e9 du 20<sup>e<\/sup>&nbsp;si\u00e8cle \u00e0 aujourd&#039;hui \u00bb.<\/p>\n\n\n\n<p class=\"wp-block-paragraph\">Direction de recherche : Pr \u00c8ve Lamoureux, UQAM.<\/p>\n\n\n\n<p class=\"wp-block-paragraph\">Codirections de recherche : Pr Annie G\u00e9rin, Concordia et Pr Andrea Oberhuber, Universit\u00e9 de Montr\u00e9al.<\/p>\n\n\n\n<div style=\"height:20px\" aria-hidden=\"true\" class=\"wp-block-spacer\"><\/div>\n\n\n\n<p class=\"wp-block-paragraph\"><strong><em>17h00 \u2013 Rafraichissements<\/em><\/strong><\/p>","protected":false},"excerpt":{"rendered":"<p>DOCTORAL FORUM &#8211; We are pleased to announce that the next Doctoral Forum of the Interuniversity Doctorate in Art History will be held on Friday, April 1, 2022 from 9:30 [&hellip;]<\/p>\n","protected":false},"author":242268434,"featured_media":5500,"comment_status":"closed","ping_status":"closed","sticky":false,"template":"","format":"standard","meta":{"_crdt_document":"","advanced_seo_description":"","jetpack_seo_html_title":"","jetpack_seo_noindex":false,"_EventAllDay":false,"_EventTimezone":"","_EventStartDate":"","_EventEndDate":"","_EventStartDateUTC":"","_EventEndDateUTC":"","_EventShowMap":false,"_EventShowMapLink":false,"_EventURL":"","_EventCost":"","_EventCostDescription":"","_EventCurrencySymbol":"","_EventCurrencyCode":"","_EventCurrencyPosition":"","_EventDateTimeSeparator":"","_EventTimeRangeSeparator":"","_EventOrganizerID":[],"_EventVenueID":[],"_OrganizerEmail":"","_OrganizerPhone":"","_OrganizerWebsite":"","_VenueAddress":"","_VenueCity":"","_VenueCountry":"","_VenueProvince":"","_VenueState":"","_VenueZip":"","_VenuePhone":"","_VenueURL":"","_VenueStateProvince":"","_VenueLat":"","_VenueLng":"","_VenueShowMap":false,"_VenueShowMapLink":false,"_jetpack_memberships_contains_paid_content":false,"footnotes":"","jetpack_publicize_message":"","jetpack_publicize_feature_enabled":true,"jetpack_social_post_already_shared":true,"jetpack_social_options":{"image_generator_settings":{"template":"highway","default_image_id":0,"font":"","enabled":false},"version":2},"_wpas_customize_per_network":false},"categories":[103],"tags":[4003734,1052],"class_list":["post-5486","post","type-post","status-publish","format-standard","has-post-thumbnail","hentry","category-news","tag-program-events","tag-students"],"jetpack_publicize_connections":[],"jetpack_featured_media_url":"https:\/\/i0.wp.com\/docinterhar.ca\/wp-content\/uploads\/2023\/11\/a43dc-31.png?fit=1080%2C1080&ssl=1","jetpack_likes_enabled":true,"jetpack_sharing_enabled":true,"jetpack_shortlink":"https:\/\/wp.me\/pfghYs-1qu","jetpack-related-posts":[],"_links":{"self":[{"href":"https:\/\/docinterhar.ca\/fr\/wp-json\/wp\/v2\/posts\/5486","targetHints":{"allow":["GET"]}}],"collection":[{"href":"https:\/\/docinterhar.ca\/fr\/wp-json\/wp\/v2\/posts"}],"about":[{"href":"https:\/\/docinterhar.ca\/fr\/wp-json\/wp\/v2\/types\/post"}],"author":[{"embeddable":true,"href":"https:\/\/docinterhar.ca\/fr\/wp-json\/wp\/v2\/users\/242268434"}],"replies":[{"embeddable":true,"href":"https:\/\/docinterhar.ca\/fr\/wp-json\/wp\/v2\/comments?post=5486"}],"version-history":[{"count":1,"href":"https:\/\/docinterhar.ca\/fr\/wp-json\/wp\/v2\/posts\/5486\/revisions"}],"predecessor-version":[{"id":7996,"href":"https:\/\/docinterhar.ca\/fr\/wp-json\/wp\/v2\/posts\/5486\/revisions\/7996"}],"wp:featuredmedia":[{"embeddable":true,"href":"https:\/\/docinterhar.ca\/fr\/wp-json\/wp\/v2\/media\/5500"}],"wp:attachment":[{"href":"https:\/\/docinterhar.ca\/fr\/wp-json\/wp\/v2\/media?parent=5486"}],"wp:term":[{"taxonomy":"category","embeddable":true,"href":"https:\/\/docinterhar.ca\/fr\/wp-json\/wp\/v2\/categories?post=5486"},{"taxonomy":"post_tag","embeddable":true,"href":"https:\/\/docinterhar.ca\/fr\/wp-json\/wp\/v2\/tags?post=5486"}],"curies":[{"name":"wp","href":"https:\/\/api.w.org\/{rel}","templated":true}]}}