{"id":5507,"date":"2022-06-02T13:33:45","date_gmt":"2022-06-02T17:33:45","guid":{"rendered":"https:\/\/docinterhar.org\/?p=5507"},"modified":"2023-11-09T14:40:55","modified_gmt":"2023-11-09T19:40:55","slug":"call-for-proposals-poetics-of-nature-creation-destruction-and-transformation-in-art-practice","status":"publish","type":"post","link":"https:\/\/docinterhar.ca\/fr\/2022\/06\/02\/call-for-proposals-poetics-of-nature-creation-destruction-and-transformation-in-art-practice\/","title":{"rendered":"Appel \u00e0 propositions \u2013 Po\u00e9tique de la nature : cr\u00e9ation, destruction et transformation dans la pratique artistique"},"content":{"rendered":"<p class=\"wp-block-paragraph\">APPEL DE PROPOSITIONS \u2013 Les membres de l\u2019organisation des congr\u00e8s Arts et M\u00e9dias de l\u2019Universit\u00e9 de Montr\u00e9al sont heureux de pr\u00e9senter cette 10e \u00e9dition, intitul\u00e9e <em>Po\u00e9tique de la nature : cr\u00e9ation, destruction et<\/em> <em>Transformation dans la pratique artistique <\/em><strong>du 16 au 18 novembre 2022.<\/strong><\/p>\n\n\n\n<p class=\"wp-block-paragraph\">La notion de nature est cycliquement remise en question dans les domaines de la production artistique, des sciences humaines et sociales, ainsi que dans le domaine politique. Face au point de basculement atteint par le changement climatique, la relation que nos soci\u00e9t\u00e9s entretiennent avec la nature est plus ambivalente que jamais. Le r\u00e9cent rapport du GIEC d&#039;avril 2022 a remis au go\u00fbt du jour les probl\u00e9matiques li\u00e9es \u00e0 l&#039;impact environnemental des \u00eatres humains, r\u00e9actualisant le dualisme entre nature et culture.<\/p>\n\n\n\n<p class=\"wp-block-paragraph\">D\u00e9chir\u00e9s par l&#039;admiration qu&#039;ils \u00e9prouvent pour la complexit\u00e9 des \u00e9cosyst\u00e8mes, les artistes, m\u00e9diateurs privil\u00e9gi\u00e9s entre l&#039;humain et le non-humain, ont la volont\u00e9 d&#039;imiter, voire de d\u00e9passer, ce qui les pr\u00e9c\u00e8de. Dans ce contexte, le terme \u00ab\u00a0Nature\u00a0\u00bb d\u00e9signe au sens large l&#039;\u00e9l\u00e9ment naturel, spirituel et m\u00eame virtuel de l&#039;environnement.<\/p>\n\n\n\n<p class=\"wp-block-paragraph\">Le colloque entend interroger ce m\u00e9dium de cr\u00e9ation artistique dans ses usages les plus divers ainsi que la capacit\u00e9 des artistes \u00e0 transmettre au public leur relation intime avec la Nature dans les domaines de l\u2019histoire de l\u2019art, de la recherche-cr\u00e9ation, des \u00e9tudes cin\u00e9matographiques et vid\u00e9oludiques.<\/p>\n\n\n\n<p class=\"wp-block-paragraph\">Consid\u00e9rant la contemporan\u00e9it\u00e9 du th\u00e8me ainsi que les enjeux esth\u00e9tiques, \u00e9thiques, po\u00e9tiques, politiques, historiques, scientifiques, sociaux et f\u00e9ministes soulev\u00e9s par la notion de Nature, les communications propos\u00e9es peuvent s&#039;inscrire dans un ou plusieurs des axes suivants, sans s&#039;y limiter :<\/p>\n\n\n\n<p class=\"wp-block-paragraph\">\u2022 Th\u00e9orie de la Nature : red\u00e9finition des paradigmes de la cr\u00e9ation, la Nature comme m\u00e9dium de cr\u00e9ation et de transformation, ontologie de la cam\u00e9ra face \u00e0 l\u2019espace sauvage, \u00e9criture documentaire, etc.<\/p>\n\n\n\n<p class=\"wp-block-paragraph\">\u2022 Rapport \u00e0 la Nature : \u00e9cologie, \u00e9cof\u00e9minisme, \u00e9sot\u00e9risme, urbanisme et am\u00e9nagement du territoire, \u00e9cosyst\u00e8mes et soci\u00e9t\u00e9s, animisme, enjeux contemporains de la nature 2.0, nature et corpor\u00e9it\u00e9, etc.<\/p>\n\n\n\n<p class=\"wp-block-paragraph\">\u2022 Cr\u00e9ation et destruction de la Nature : cosmogonie, cyclicit\u00e9, renouvellement, chaos, recours \u00e0 la po\u00e9sie, esth\u00e9tisation, copie de la Nature, usages de l&#039;organique dans les arts plastiques, pratique des arts et r\u00e9sidences d&#039;artistes en milieu naturel, po\u00e8mes de la Nature, etc.<\/p>\n\n\n\n<p class=\"wp-block-paragraph\">\u2022 D\u00e9passement de la Nature : univers virtuel, perfection, hybridation, entre humain et non-humain, corps et ses contraintes, reconstitution dans la pratique des jeux vid\u00e9o, transhumanisme, natures domin\u00e9es par la fiction, utopies \u00e9cologiques, etc.<\/p>\n\n\n\n<p class=\"wp-block-paragraph\"><strong>Modalit\u00e9s de soumission et de s\u00e9lection des contributions :<\/strong><\/p>\n\n\n\n<p class=\"wp-block-paragraph\">Nous invitons les \u00e9tudiants de premier et deuxi\u00e8me cycles ainsi que les professeurs, conf\u00e9renciers, chercheurs et professionnels des mus\u00e9es, du cin\u00e9ma et du jeu vid\u00e9o, de tout horizon disciplinaire, \u00e0 soumettre une proposition de communication en fran\u00e7ais ou en anglais avant le 1er janvier 2021. <strong>30 juin 2022<\/strong>Les articles (300 mots maximum) doivent \u00eatre soumis par courriel \u00e0 l&#039;adresse suivante : <strong>artsmedias.udem@gmail.com<\/strong><\/p>\n\n\n\n<p class=\"wp-block-paragraph\">Vous pouvez \u00e9galement poser toutes vos questions sur le symposium en utilisant la m\u00eame adresse.<\/p>\n\n\n\n<p class=\"wp-block-paragraph\">Afin de favoriser les \u00e9changes internationaux, la conf\u00e9rence sera <strong>bimodal<\/strong>, tenu \u00e0 l&#039;Universit\u00e9 de Montr\u00e9al et via Zoom.<\/p>\n\n\n\n<p class=\"wp-block-paragraph\"><\/p>\n\n\n\n<p class=\"wp-block-paragraph\">+ <em>Plus d&#039;informations :<\/em><\/p>\n\n\n\n<p class=\"wp-block-paragraph\"><a href=\"https:\/\/www.colloqueartsmedias.ca\/\">https:\/\/www.colloqueartsmedias.ca\/<\/a><\/p>\n\n\n\n<p class=\"wp-block-paragraph\">Twitter :&nbsp;<em>@colloqueharudem&nbsp;<\/em><\/p>\n\n\n\n<p class=\"wp-block-paragraph\">Instagram :&nbsp;<em>@udemcolloqueartsmedias<\/em><\/p>\n\n\n\n<p class=\"wp-block-paragraph\">Facebook :&nbsp;<em>Colloque arts et m\u00e9dias de l&#039;Universit\u00e9 de Montr\u00e9al<\/em><\/p>","protected":false},"excerpt":{"rendered":"<p>CALL FOR PROPOSALS &#8211; The members of the Arts and Media conference organization of the Universit\u00e9 de Montr\u00e9al are pleased to present this 10th edition, entitled Poetics of Nature: Creation, [&hellip;]<\/p>\n","protected":false},"author":242268434,"featured_media":7571,"comment_status":"closed","ping_status":"closed","sticky":false,"template":"","format":"standard","meta":{"_crdt_document":"","advanced_seo_description":"","jetpack_seo_html_title":"","jetpack_seo_noindex":false,"_EventAllDay":false,"_EventTimezone":"","_EventStartDate":"","_EventEndDate":"","_EventStartDateUTC":"","_EventEndDateUTC":"","_EventShowMap":false,"_EventShowMapLink":false,"_EventURL":"","_EventCost":"","_EventCostDescription":"","_EventCurrencySymbol":"","_EventCurrencyCode":"","_EventCurrencyPosition":"","_EventDateTimeSeparator":"","_EventTimeRangeSeparator":"","_EventOrganizerID":[],"_EventVenueID":[],"_OrganizerEmail":"","_OrganizerPhone":"","_OrganizerWebsite":"","_VenueAddress":"","_VenueCity":"","_VenueCountry":"","_VenueProvince":"","_VenueState":"","_VenueZip":"","_VenuePhone":"","_VenueURL":"","_VenueStateProvince":"","_VenueLat":"","_VenueLng":"","_VenueShowMap":false,"_VenueShowMapLink":false,"_jetpack_memberships_contains_paid_content":false,"footnotes":"","jetpack_publicize_message":"","jetpack_publicize_feature_enabled":true,"jetpack_social_post_already_shared":true,"jetpack_social_options":{"image_generator_settings":{"template":"highway","default_image_id":0,"font":"","enabled":false},"version":2},"_wpas_customize_per_network":false},"categories":[103],"tags":[84107],"class_list":["post-5507","post","type-post","status-publish","format-standard","has-post-thumbnail","hentry","category-news","tag-calls-for-papers"],"jetpack_publicize_connections":[],"jetpack_featured_media_url":"https:\/\/i0.wp.com\/docinterhar.ca\/wp-content\/uploads\/2023\/11\/pexels-%C2%B6project-atlas-1674049.jpg?fit=3928%2C2945&ssl=1","jetpack_likes_enabled":true,"jetpack_sharing_enabled":true,"jetpack_shortlink":"https:\/\/wp.me\/pfghYs-1qP","jetpack-related-posts":[],"_links":{"self":[{"href":"https:\/\/docinterhar.ca\/fr\/wp-json\/wp\/v2\/posts\/5507","targetHints":{"allow":["GET"]}}],"collection":[{"href":"https:\/\/docinterhar.ca\/fr\/wp-json\/wp\/v2\/posts"}],"about":[{"href":"https:\/\/docinterhar.ca\/fr\/wp-json\/wp\/v2\/types\/post"}],"author":[{"embeddable":true,"href":"https:\/\/docinterhar.ca\/fr\/wp-json\/wp\/v2\/users\/242268434"}],"replies":[{"embeddable":true,"href":"https:\/\/docinterhar.ca\/fr\/wp-json\/wp\/v2\/comments?post=5507"}],"version-history":[{"count":1,"href":"https:\/\/docinterhar.ca\/fr\/wp-json\/wp\/v2\/posts\/5507\/revisions"}],"predecessor-version":[{"id":7951,"href":"https:\/\/docinterhar.ca\/fr\/wp-json\/wp\/v2\/posts\/5507\/revisions\/7951"}],"wp:featuredmedia":[{"embeddable":true,"href":"https:\/\/docinterhar.ca\/fr\/wp-json\/wp\/v2\/media\/7571"}],"wp:attachment":[{"href":"https:\/\/docinterhar.ca\/fr\/wp-json\/wp\/v2\/media?parent=5507"}],"wp:term":[{"taxonomy":"category","embeddable":true,"href":"https:\/\/docinterhar.ca\/fr\/wp-json\/wp\/v2\/categories?post=5507"},{"taxonomy":"post_tag","embeddable":true,"href":"https:\/\/docinterhar.ca\/fr\/wp-json\/wp\/v2\/tags?post=5507"}],"curies":[{"name":"wp","href":"https:\/\/api.w.org\/{rel}","templated":true}]}}