{"id":5513,"date":"2022-06-02T13:39:52","date_gmt":"2022-06-02T17:39:52","guid":{"rendered":"https:\/\/docinterhar.org\/?p=5513"},"modified":"2024-07-30T15:27:28","modified_gmt":"2024-07-30T19:27:28","slug":"appel-a-communications-poetiques-de-la-nature-creation-destruction-et-transformation-dans-la-pratique-des-arts","status":"publish","type":"post","link":"https:\/\/docinterhar.ca\/fr\/2022\/06\/02\/appel-a-communications-poetiques-de-la-nature-creation-destruction-et-transformation-dans-la-pratique-des-arts\/","title":{"rendered":"Appel \u00e0 communications \u2013 Po\u00e9tiques de la Nature : cr\u00e9ation, destruction et transformation dans la pratique des arts"},"content":{"rendered":"<figure class=\"wp-block-image size-large\"><img data-recalc-dims=\"1\" decoding=\"async\" src=\"https:\/\/i0.wp.com\/docinterhar.ca\/wp-content\/uploads\/2023\/11\/40a53-capture-1.png?ssl=1\" alt=\"\" class=\"wp-image-5514\" \/><\/figure>\n\n\n\n<p class=\"wp-block-paragraph\">APPEL \u00c0 COMMUNICATIONS \u2013 Les membres de l&#039;organisation du Colloque Arts et M\u00e9dias de l&#039;Universit\u00e9 de Montr\u00e9al sont heureuses de vous pr\u00e9senter cette 10e \u00e9dition, publi\u00e9e <em>Po\u00e9tiques de la Nature : cr\u00e9ation,<\/em> <em>destruction et transformation dans la pratique des arts <\/em>du 16 au 18 novembre 2022.<\/p>\n\n\n\n<p class=\"wp-block-paragraph\">La notion de Nature est cycliquement interrog\u00e9e aussi bien dans les domaines de la production artistique, des sciences humaines et sociales, que dans le domaine politique. Face au point de basculement atteint par les changements climatiques, la relation qu&#039;entretiennent nos soci\u00e9t\u00e9s avec la Nature est plus ambivalente que jamais. Le rapport du GIEC d&#039;avril 2022 a d&#039;autant plus fait ressurgir les probl\u00e9matiques li\u00e9es \u00e0 l&#039;impact environnemental des \u00eatres humains, r\u00e9actualisant le dualisme entre nature et culture.<\/p>\n\n\n\n<p class=\"wp-block-paragraph\">Tiraill\u00e9 par l&#039;admiration qu&#039;iel \u00e9prouve pour la complexit\u00e9 des \u00e9cosyst\u00e8mes, l&#039;artiste, m\u00e9diatrice\u00b7trice privil\u00e9gi\u00e9e entre humain et non-humain, \u00e0 la volont\u00e9 d&#039;imiter voire de d\u00e9passer ce qui le.la pr\u00e9c\u00e8de. Dans ce contexte, le terme de Nature implique de fa\u00e7on large la dimension naturelle, spirituelle et m\u00eame virtuelle de l&#039;environnement.<\/p>\n\n\n\n<p class=\"wp-block-paragraph\">Le colloque entend interroger ce m\u00e9dium de cr\u00e9ation artistique dans ses usages les plus divers ainsi que la capacit\u00e9 des artistes \u00e0 transmettre leur relation intime avec la Nature au public dans les domaines de l&#039;histoire de l&#039;art, de la recherche-cr\u00e9ation, des \u00e9tudes cin\u00e9matographiques et vid\u00e9oludiques. Consid\u00e9rant la contemporan\u00e9it\u00e9 de la th\u00e9matique comme des enjeux esth\u00e9tiques, \u00e9thiques, po\u00e9tiques, politiques, historiques, scientifiques, sociaux et f\u00e9ministes soulev\u00e9s par la notion de Nature, les communications propos\u00e9es peuvent s&#039;inscrire dans l&#039;un ou plusieurs des axes suivants, sans s&#039;y voir circonscrites pour autant :<\/p>\n\n\n\n<p class=\"wp-block-paragraph\">\u2022 <strong>Th\u00e9orie de la Nature <\/strong>: red\u00e9finir les paradigmes de la cr\u00e9ation, la Nature comme moyen de cr\u00e9ation et de transformation, l&#039;ontologie de la cam\u00e9ra face \u00e0 l&#039;espace sauvage, les \u00e9critures du documentaire, etc.<\/p>\n\n\n\n<p class=\"wp-block-paragraph\">\u2022 <strong>Rapport \u00e0 la Nature <\/strong>: \u00e9cologie, \u00e9cof\u00e9minisme, \u00e9sot\u00e9risme, urbanisme et am\u00e9nagement du territoire, \u00e9cosyst\u00e8me et soci\u00e9t\u00e9s, animisme, enjeux contemporains d&#039;une nature 2.0, nature et corpor\u00e9it\u00e9, etc.<\/p>\n\n\n\n<p class=\"wp-block-paragraph\">\u2022 <strong>Cr\u00e9ation et destruction de la Nature <\/strong>: cosmogonie, cyclicit\u00e9, renouveau, chaos, recours \u00e0 la po\u00e9sie, esth\u00e9tisation, copier la Nature, usages de l&#039;organique dans les arts plastiques, pratique des arts et r\u00e9sidences d&#039;artistes en milieu naturel, po\u00e9sies de la Nature, etc.<\/p>\n\n\n\n<p class=\"wp-block-paragraph\">\u2022 <strong>D\u00e9passement de la nature <\/strong>: univers virtuel, perfectionnement, hybridation, entre l&#039;humain et le non-humain, le corps et ses contraintes, reconstitution dans la pratique des jeux vid\u00e9o, transhumanisme, natures domin\u00e9es par la fiction, utopies \u00e9cologiques, etc.<\/p>\n\n\n\n<p class=\"wp-block-paragraph\"><\/p>\n\n\n\n<p class=\"wp-block-paragraph\"><strong>Modalit\u00e9s de soumission et de s\u00e9lection des propositions<\/strong><\/p>\n\n\n\n<p class=\"wp-block-paragraph\">Nous invitons les \u00e9tudiants\u00b7e\u00b7s de premier cycle et des cycles sup\u00e9rieurs et post-doctoraux ainsi que les professeur\u00b7e\u00b7s, les charg\u00e9\u00b7e\u00b7s de cours, les chercheurs\u00b7euses de m\u00eame que les professionnel\u00b7le\u00b7s de mus\u00e9es, du cin\u00e9ma et du jeu vid\u00e9o, de tous les horizons disciplinaires, \u00e0 soumettre une proposition de communication (environ 300 mots) en fran\u00e7ais ou en anglais avant le <strong>30 juin 2022 <\/strong>\u00e0 l&#039;adresse suivante : <strong>artsmedias.udem@gmail.com.<\/strong><\/p>\n\n\n\n<p class=\"wp-block-paragraph\">Pour toute question \u00e0 propos du colloque, n&#039;h\u00e9sitez pas \u00e0 nous contacter \u00e0 la m\u00eame adresse.<\/p>\n\n\n\n<p class=\"wp-block-paragraph\">Afin de valoriser les \u00e9changes internationaux, le colloque se d\u00e9roulera en <strong>bimodal<\/strong>, \u00e0 l&#039;Universit\u00e9 de Montr\u00e9al et via Zoom.<\/p>\n\n\n\n<p class=\"wp-block-paragraph\"><\/p>\n\n\n\n<p class=\"wp-block-paragraph\">+ <em>Plus d&#039;informations :<\/em><\/p>\n\n\n\n<p class=\"wp-block-paragraph\"><a href=\"https:\/\/www.colloqueartsmedias.ca\/\">https:\/\/www.colloqueartsmedias.ca\/<\/a><\/p>\n\n\n\n<p class=\"wp-block-paragraph\">Twitter :&nbsp;<em>@colloqueharudem&nbsp;<\/em><\/p>\n\n\n\n<p class=\"wp-block-paragraph\">Instagram :&nbsp;<em>@udemcolloqueartsmedias<\/em><\/p>\n\n\n\n<p class=\"wp-block-paragraph\">Facebook :&nbsp;<em>Colloque arts et m\u00e9dias de l&#039;Universit\u00e9 de Montr\u00e9al<\/em><\/p>","protected":false},"excerpt":{"rendered":"<p>APPEL \u00c0 COMMUNICATIONS &#8211; Les membres de l\u2019organisation du Colloque Arts et M\u00e9dias de l\u2019Universit\u00e9 de Montr\u00e9al sont heureuses de vous pr\u00e9senter cette 10e \u00e9dition, intitul\u00e9e Po\u00e9tiques de la Nature [&hellip;]<\/p>\n","protected":false},"author":242268434,"featured_media":8477,"comment_status":"closed","ping_status":"closed","sticky":false,"template":"","format":"standard","meta":{"_crdt_document":"","advanced_seo_description":"","jetpack_seo_html_title":"","jetpack_seo_noindex":false,"_EventAllDay":false,"_EventTimezone":"","_EventStartDate":"","_EventEndDate":"","_EventStartDateUTC":"","_EventEndDateUTC":"","_EventShowMap":false,"_EventShowMapLink":false,"_EventURL":"","_EventCost":"","_EventCostDescription":"","_EventCurrencySymbol":"","_EventCurrencyCode":"","_EventCurrencyPosition":"","_EventDateTimeSeparator":"","_EventTimeRangeSeparator":"","_EventOrganizerID":[],"_EventVenueID":[],"_OrganizerEmail":"","_OrganizerPhone":"","_OrganizerWebsite":"","_VenueAddress":"","_VenueCity":"","_VenueCountry":"","_VenueProvince":"","_VenueState":"","_VenueZip":"","_VenuePhone":"","_VenueURL":"","_VenueStateProvince":"","_VenueLat":"","_VenueLng":"","_VenueShowMap":false,"_VenueShowMapLink":false,"_jetpack_memberships_contains_paid_content":false,"footnotes":"","jetpack_publicize_message":"","jetpack_publicize_feature_enabled":true,"jetpack_social_post_already_shared":true,"jetpack_social_options":{"image_generator_settings":{"template":"highway","default_image_id":0,"font":"","enabled":false},"version":2},"_wpas_customize_per_network":false},"categories":[766630160],"tags":[33769875],"class_list":["post-5513","post","type-post","status-publish","format-standard","has-post-thumbnail","hentry","category-call-for-papers","tag-appels-a-communication"],"jetpack_publicize_connections":[],"jetpack_featured_media_url":"https:\/\/i0.wp.com\/docinterhar.ca\/wp-content\/uploads\/2024\/07\/pexels-atlasworld-1674049.jpg?fit=3928%2C2945&ssl=1","jetpack_likes_enabled":true,"jetpack_sharing_enabled":true,"jetpack_shortlink":"https:\/\/wp.me\/pfghYs-1qV","jetpack-related-posts":[],"_links":{"self":[{"href":"https:\/\/docinterhar.ca\/fr\/wp-json\/wp\/v2\/posts\/5513","targetHints":{"allow":["GET"]}}],"collection":[{"href":"https:\/\/docinterhar.ca\/fr\/wp-json\/wp\/v2\/posts"}],"about":[{"href":"https:\/\/docinterhar.ca\/fr\/wp-json\/wp\/v2\/types\/post"}],"author":[{"embeddable":true,"href":"https:\/\/docinterhar.ca\/fr\/wp-json\/wp\/v2\/users\/242268434"}],"replies":[{"embeddable":true,"href":"https:\/\/docinterhar.ca\/fr\/wp-json\/wp\/v2\/comments?post=5513"}],"version-history":[{"count":1,"href":"https:\/\/docinterhar.ca\/fr\/wp-json\/wp\/v2\/posts\/5513\/revisions"}],"predecessor-version":[{"id":7584,"href":"https:\/\/docinterhar.ca\/fr\/wp-json\/wp\/v2\/posts\/5513\/revisions\/7584"}],"wp:featuredmedia":[{"embeddable":true,"href":"https:\/\/docinterhar.ca\/fr\/wp-json\/wp\/v2\/media\/8477"}],"wp:attachment":[{"href":"https:\/\/docinterhar.ca\/fr\/wp-json\/wp\/v2\/media?parent=5513"}],"wp:term":[{"taxonomy":"category","embeddable":true,"href":"https:\/\/docinterhar.ca\/fr\/wp-json\/wp\/v2\/categories?post=5513"},{"taxonomy":"post_tag","embeddable":true,"href":"https:\/\/docinterhar.ca\/fr\/wp-json\/wp\/v2\/tags?post=5513"}],"curies":[{"name":"wp","href":"https:\/\/api.w.org\/{rel}","templated":true}]}}