{"id":5648,"date":"2022-09-26T11:03:45","date_gmt":"2022-09-26T15:03:45","guid":{"rendered":"https:\/\/docinterhar.org\/?p=5648"},"modified":"2023-11-09T15:11:50","modified_gmt":"2023-11-09T20:11:50","slug":"call-for-paper-arte-contexto","status":"publish","type":"post","link":"https:\/\/docinterhar.ca\/fr\/2022\/09\/26\/call-for-paper-arte-contexto\/","title":{"rendered":"Appel \u00e0 communication \u2013 Arte ConTexto"},"content":{"rendered":"<p class=\"wp-block-paragraph\">L&#039;\u00eatre humain, \u00e0 partir de leurs manifestations culturelles, \u00e9tablit des modes d&#039;expression qui se transforment en fonction des besoins de leur communaut\u00e9. Pourtant, depuis longtemps, nous constatons la mise en place d&#039;une pratique (culturelle ?) de d\u00e9mant\u00e8lement des structures destin\u00e9es \u00e0 encourager ce qui nous tient le plus \u00e0 coeur : la possibilit\u00e9 de cr\u00e9er. Le domaine artistique est pens\u00e9 avec m\u00e9fiance et finit par \u00eatre n\u00e9glig\u00e9 par certains groupes qui exercent une influence dans de nombreuses institutions gouvernementales au Br\u00e9sil. Peut-\u00eatre, cela se produit parce qu&#039;ils connaissent le pouvoir critique et transformateur que l&#039;art pr\u00e9sente. Confront\u00e9s \u00e0 cette situation, les \u00e9coles, les mus\u00e9es et les universit\u00e9s continuent de s&#039;effondrer en raison de la p\u00e9nurie de ressources, s&#039;accrochant aux derni\u00e8res fondations qui leur restent ; alors que certains de ces espaces ont d\u00e9j\u00e0 vu leurs \u00e9tages consomm\u00e9s par les flammes de la n\u00e9gligence. En ce temps de ruines, nous vivons la culture du d\u00e9mant\u00e8lement.<\/p>\n\n\n\n<p class=\"wp-block-paragraph\">En plus de la probl\u00e9matique de l&#039;acc\u00e8s incertain aux lieux de la culture, comme questions de d\u00e9bat pour le 18e num\u00e9ro de la revue&nbsp;<a href=\"https:\/\/artcontexto.com.br\/\">Art ConTexto<\/a>, nous proposons les r\u00e9flexions suivantes : dans quelle mesure les diff\u00e9rents groupes de notre soci\u00e9t\u00e9 participent-ils \u00e0 la constitution de ce qui est pr\u00e9sent\u00e9e par les institutions culturelles ? Qui peut participer \u00e0 ces espaces du sensible ? Comment les scientifiques de la culture peuvent-ils agir face \u00e0 cette pr\u00e9carit\u00e9 v\u00e9cue par diverses institutions culturelles ? De quoi pouvons-nous discuter ou ne pouvons-nous pas discuter ? Renfor\u00e7ons-nous : une culture h\u00e9g\u00e9monique ou des cultures multiples ? Ces questions raisonnent dans le domaine du visuel, de ce qui nous est donn\u00e9 \u00e0 voir. Comme le dit le philosophe Jacques Ranci\u00e8re (2000), dans son livre&nbsp;<em>Le partage du sensible<\/em>, le r\u00e9alisme a \u00e9t\u00e9 crucial pour la subversion des hi\u00e9rarchies de la repr\u00e9sentation dans les arts. L&#039;anonyme et le banal deviennent alors beaux et dignes de gloire. Si nous nous r\u00e9f\u00e9rons \u00e0 notre \u00e9poque, dans quelle mesure les productions artistiques repoussent-elles les limites de ce qui est accessible \u00e0 la culture ?<\/p>\n\n\n\n<p class=\"wp-block-paragraph\"><\/p>\n\n\n\n<p class=\"wp-block-paragraph\">La date limite de soumission des contenus est fix\u00e9e au dimanche 16 octobre 2022. Les formats accept\u00e9s sont\u00a0: articles, textes courts, essais, critiques, interviews, portfolios, enregistrements sonores et clips vid\u00e9o. Pour plus d&#039;informations, consultez le r\u00e8glement de publication\u00a0:&nbsp;<a href=\"https:\/\/artcontexto.com.br\/normas-fra\/\">https:\/\/artcontexto.com.br\/normas-fra\/<\/a>Les soumissions doivent \u00eatre faites en utilisant le formulaire :&nbsp;<a href=\"https:\/\/forms.gle\/x4et9ctqL1sh2VBn7\">https:\/\/forms.gle\/x4et9ctqL1sh2VBn7<\/a>.<\/p>","protected":false},"excerpt":{"rendered":"<p>L\u2019\u00eatre humain, \u00e0 partir de leurs manifestations culturelles, \u00e9tablit des modes d\u2019expression qui se transforment en fonction des besoins de leur communaut\u00e9. Pourtant, depuis longtemps, nous constatons la mise en [&hellip;]<\/p>\n","protected":false},"author":242268434,"featured_media":5645,"comment_status":"closed","ping_status":"closed","sticky":false,"template":"","format":"standard","meta":{"_crdt_document":"","advanced_seo_description":"","jetpack_seo_html_title":"","jetpack_seo_noindex":false,"_EventAllDay":false,"_EventTimezone":"","_EventStartDate":"","_EventEndDate":"","_EventStartDateUTC":"","_EventEndDateUTC":"","_EventShowMap":false,"_EventShowMapLink":false,"_EventURL":"","_EventCost":"","_EventCostDescription":"","_EventCurrencySymbol":"","_EventCurrencyCode":"","_EventCurrencyPosition":"","_EventDateTimeSeparator":"","_EventTimeRangeSeparator":"","_EventOrganizerID":[],"_EventVenueID":[],"_OrganizerEmail":"","_OrganizerPhone":"","_OrganizerWebsite":"","_VenueAddress":"","_VenueCity":"","_VenueCountry":"","_VenueProvince":"","_VenueState":"","_VenueZip":"","_VenuePhone":"","_VenueURL":"","_VenueStateProvince":"","_VenueLat":"","_VenueLng":"","_VenueShowMap":false,"_VenueShowMapLink":false,"_jetpack_memberships_contains_paid_content":false,"footnotes":"","jetpack_publicize_message":"","jetpack_publicize_feature_enabled":true,"jetpack_social_post_already_shared":true,"jetpack_social_options":{"image_generator_settings":{"template":"highway","default_image_id":0,"font":"","enabled":false},"version":2},"_wpas_customize_per_network":false},"categories":[103],"tags":[84107],"class_list":["post-5648","post","type-post","status-publish","format-standard","has-post-thumbnail","hentry","category-news","tag-calls-for-papers"],"jetpack_publicize_connections":[],"jetpack_featured_media_url":"https:\/\/i0.wp.com\/docinterhar.ca\/wp-content\/uploads\/2023\/11\/2c95a-capture-decran-2022-09-26-a-16.36.02.png?fit=1178%2C1084&ssl=1","jetpack_likes_enabled":true,"jetpack_sharing_enabled":true,"jetpack_shortlink":"https:\/\/wp.me\/pfghYs-1t6","jetpack-related-posts":[],"_links":{"self":[{"href":"https:\/\/docinterhar.ca\/fr\/wp-json\/wp\/v2\/posts\/5648","targetHints":{"allow":["GET"]}}],"collection":[{"href":"https:\/\/docinterhar.ca\/fr\/wp-json\/wp\/v2\/posts"}],"about":[{"href":"https:\/\/docinterhar.ca\/fr\/wp-json\/wp\/v2\/types\/post"}],"author":[{"embeddable":true,"href":"https:\/\/docinterhar.ca\/fr\/wp-json\/wp\/v2\/users\/242268434"}],"replies":[{"embeddable":true,"href":"https:\/\/docinterhar.ca\/fr\/wp-json\/wp\/v2\/comments?post=5648"}],"version-history":[{"count":1,"href":"https:\/\/docinterhar.ca\/fr\/wp-json\/wp\/v2\/posts\/5648\/revisions"}],"predecessor-version":[{"id":7991,"href":"https:\/\/docinterhar.ca\/fr\/wp-json\/wp\/v2\/posts\/5648\/revisions\/7991"}],"wp:featuredmedia":[{"embeddable":true,"href":"https:\/\/docinterhar.ca\/fr\/wp-json\/wp\/v2\/media\/5645"}],"wp:attachment":[{"href":"https:\/\/docinterhar.ca\/fr\/wp-json\/wp\/v2\/media?parent=5648"}],"wp:term":[{"taxonomy":"category","embeddable":true,"href":"https:\/\/docinterhar.ca\/fr\/wp-json\/wp\/v2\/categories?post=5648"},{"taxonomy":"post_tag","embeddable":true,"href":"https:\/\/docinterhar.ca\/fr\/wp-json\/wp\/v2\/tags?post=5648"}],"curies":[{"name":"wp","href":"https:\/\/api.w.org\/{rel}","templated":true}]}}