{"id":6063,"date":"2023-01-12T09:31:00","date_gmt":"2023-01-12T14:31:00","guid":{"rendered":"https:\/\/docinterhar.org\/?p=6063"},"modified":"2023-11-09T14:32:06","modified_gmt":"2023-11-09T19:32:06","slug":"call-for-curators-biennale-of-sculpture","status":"publish","type":"post","link":"https:\/\/docinterhar.ca\/fr\/2023\/01\/12\/call-for-curators-biennale-of-sculpture\/","title":{"rendered":"Appel \u00e0 commissaires Biennale de Sculpture"},"content":{"rendered":"<figure class=\"wp-block-gallery has-nested-images columns-default is-cropped wp-block-gallery-1 is-layout-flex wp-block-gallery-is-layout-flex\">\n<figure class=\"wp-block-image size-large\"><img data-recalc-dims=\"1\" loading=\"lazy\" decoding=\"async\" width=\"1275\" height=\"1650\" data-attachment-id=\"6057\" data-permalink=\"https:\/\/docinterhar.ca\/fr\/2023\/01\/12\/appel-a-commissaire-biennale-de-sculpture\/appel_candidature_commissariat_biennalesculpture2024_page-0001\/\" data-orig-file=\"https:\/\/i0.wp.com\/docinterhar.ca\/wp-content\/uploads\/2023\/11\/b986e-appel_candidature_commissariat_biennalesculpture2024_page-0001.jpg?fit=1275%2C1650&amp;ssl=1\" data-orig-size=\"1275,1650\" data-comments-opened=\"0\" data-image-meta=\"{&quot;aperture&quot;:&quot;0&quot;,&quot;credit&quot;:&quot;&quot;,&quot;camera&quot;:&quot;&quot;,&quot;caption&quot;:&quot;&quot;,&quot;created_timestamp&quot;:&quot;0&quot;,&quot;copyright&quot;:&quot;&quot;,&quot;focal_length&quot;:&quot;0&quot;,&quot;iso&quot;:&quot;0&quot;,&quot;shutter_speed&quot;:&quot;0&quot;,&quot;title&quot;:&quot;&quot;,&quot;orientation&quot;:&quot;0&quot;}\" data-image-title=\"Appel_candidature_Commissariat_BiennaleSculpture2024_page-0001\" data-image-description=\"\" data-image-caption=\"\" data-large-file=\"https:\/\/i0.wp.com\/docinterhar.ca\/wp-content\/uploads\/2023\/11\/b986e-appel_candidature_commissariat_biennalesculpture2024_page-0001.jpg?fit=791%2C1024&amp;ssl=1\" data-id=\"6057\" src=\"https:\/\/i0.wp.com\/docinterhar.ca\/wp-content\/uploads\/2023\/11\/b986e-appel_candidature_commissariat_biennalesculpture2024_page-0001.jpg?resize=1275%2C1650&#038;ssl=1\" alt=\"\" class=\"wp-image-6057\"\/><\/figure>\n\n\n\n<figure class=\"wp-block-image size-large\"><img data-recalc-dims=\"1\" loading=\"lazy\" decoding=\"async\" width=\"1275\" height=\"1650\" data-attachment-id=\"6058\" data-permalink=\"https:\/\/docinterhar.ca\/fr\/2023\/01\/12\/appel-a-commissaire-biennale-de-sculpture\/appel_candidature_commissariat_biennalesculpture2024_page-0002\/\" data-orig-file=\"https:\/\/i0.wp.com\/docinterhar.ca\/wp-content\/uploads\/2023\/11\/8e85f-appel_candidature_commissariat_biennalesculpture2024_page-0002.jpg?fit=1275%2C1650&amp;ssl=1\" data-orig-size=\"1275,1650\" data-comments-opened=\"0\" data-image-meta=\"{&quot;aperture&quot;:&quot;0&quot;,&quot;credit&quot;:&quot;&quot;,&quot;camera&quot;:&quot;&quot;,&quot;caption&quot;:&quot;&quot;,&quot;created_timestamp&quot;:&quot;0&quot;,&quot;copyright&quot;:&quot;&quot;,&quot;focal_length&quot;:&quot;0&quot;,&quot;iso&quot;:&quot;0&quot;,&quot;shutter_speed&quot;:&quot;0&quot;,&quot;title&quot;:&quot;&quot;,&quot;orientation&quot;:&quot;0&quot;}\" data-image-title=\"Appel_candidature_Commissariat_BiennaleSculpture2024_page-0002\" data-image-description=\"\" data-image-caption=\"\" data-large-file=\"https:\/\/i0.wp.com\/docinterhar.ca\/wp-content\/uploads\/2023\/11\/8e85f-appel_candidature_commissariat_biennalesculpture2024_page-0002.jpg?fit=791%2C1024&amp;ssl=1\" data-id=\"6058\" src=\"https:\/\/i0.wp.com\/docinterhar.ca\/wp-content\/uploads\/2023\/11\/8e85f-appel_candidature_commissariat_biennalesculpture2024_page-0002.jpg?resize=1275%2C1650&#038;ssl=1\" alt=\"\" class=\"wp-image-6058\"\/><\/figure>\n<\/figure>\n\n\n\n<p class=\"wp-block-paragraph\">Dans le cadre de son \u00e9v\u00e9nement public pr\u00e9vu du 25 au 28 juillet 2024, La Biennale de sculpture de Saint-Jean-Port-Joli recherche un commissaire qui mettra en valeur la th\u00e9matique propos\u00e9e \u00e0 travers des installations et des \u0153uvres sculpturales afin de cr\u00e9er des ponts entre l&#039;art traditionnel et l&#039;art contemporain.<\/p>\n\n\n\n<div class=\"wp-block-file\"><a id=\"wp-block-file--media-03bdec7a-d846-4990-b1b9-1811799b8d02\" href=\"https:\/\/docinterhar.ca\/wp-content\/uploads\/2023\/11\/34d57-appel_candidature_commissariat_biennalesculpture2024.pdf\">Appel \u00e0 commissaires Biennale de Sculpture<\/a><a href=\"https:\/\/docinterhar.ca\/wp-content\/uploads\/2023\/11\/34d57-appel_candidature_commissariat_biennalesculpture2024.pdf\" class=\"wp-block-file__button wp-element-button\" download aria-describedby=\"wp-block-file--media-03bdec7a-d846-4990-b1b9-1811799b8d02\">T\u00e9l\u00e9charger<\/a><\/div>","protected":false},"excerpt":{"rendered":"<p>As part of its public event scheduled for July 25 to 28, 2024, La Biennale de sculpture de Saint-Jean-Port-Joli is looking for a curator who will highlight the proposed theme [&hellip;]<\/p>\n","protected":false},"author":242268434,"featured_media":7571,"comment_status":"closed","ping_status":"closed","sticky":false,"template":"","format":"standard","meta":{"_crdt_document":"","advanced_seo_description":"","jetpack_seo_html_title":"","jetpack_seo_noindex":false,"_EventAllDay":false,"_EventTimezone":"","_EventStartDate":"","_EventEndDate":"","_EventStartDateUTC":"","_EventEndDateUTC":"","_EventShowMap":false,"_EventShowMapLink":false,"_EventURL":"","_EventCost":"","_EventCostDescription":"","_EventCurrencySymbol":"","_EventCurrencyCode":"","_EventCurrencyPosition":"","_EventDateTimeSeparator":"","_EventTimeRangeSeparator":"","_EventOrganizerID":[],"_EventVenueID":[],"_OrganizerEmail":"","_OrganizerPhone":"","_OrganizerWebsite":"","_VenueAddress":"","_VenueCity":"","_VenueCountry":"","_VenueProvince":"","_VenueState":"","_VenueZip":"","_VenuePhone":"","_VenueURL":"","_VenueStateProvince":"","_VenueLat":"","_VenueLng":"","_VenueShowMap":false,"_VenueShowMapLink":false,"_jetpack_memberships_contains_paid_content":false,"footnotes":"","jetpack_publicize_message":"","jetpack_publicize_feature_enabled":true,"jetpack_social_post_already_shared":true,"jetpack_social_options":{"image_generator_settings":{"template":"highway","default_image_id":0,"font":"","enabled":false},"version":2},"_wpas_customize_per_network":false},"categories":[103],"tags":[84107],"class_list":["post-6063","post","type-post","status-publish","format-standard","has-post-thumbnail","hentry","category-news","tag-calls-for-papers"],"jetpack_publicize_connections":[],"jetpack_featured_media_url":"https:\/\/i0.wp.com\/docinterhar.ca\/wp-content\/uploads\/2023\/11\/pexels-%C2%B6project-atlas-1674049.jpg?fit=3928%2C2945&ssl=1","jetpack_likes_enabled":true,"jetpack_sharing_enabled":true,"jetpack_shortlink":"https:\/\/wp.me\/pfghYs-1zN","jetpack-related-posts":[],"_links":{"self":[{"href":"https:\/\/docinterhar.ca\/fr\/wp-json\/wp\/v2\/posts\/6063","targetHints":{"allow":["GET"]}}],"collection":[{"href":"https:\/\/docinterhar.ca\/fr\/wp-json\/wp\/v2\/posts"}],"about":[{"href":"https:\/\/docinterhar.ca\/fr\/wp-json\/wp\/v2\/types\/post"}],"author":[{"embeddable":true,"href":"https:\/\/docinterhar.ca\/fr\/wp-json\/wp\/v2\/users\/242268434"}],"replies":[{"embeddable":true,"href":"https:\/\/docinterhar.ca\/fr\/wp-json\/wp\/v2\/comments?post=6063"}],"version-history":[{"count":1,"href":"https:\/\/docinterhar.ca\/fr\/wp-json\/wp\/v2\/posts\/6063\/revisions"}],"predecessor-version":[{"id":7944,"href":"https:\/\/docinterhar.ca\/fr\/wp-json\/wp\/v2\/posts\/6063\/revisions\/7944"}],"wp:featuredmedia":[{"embeddable":true,"href":"https:\/\/docinterhar.ca\/fr\/wp-json\/wp\/v2\/media\/7571"}],"wp:attachment":[{"href":"https:\/\/docinterhar.ca\/fr\/wp-json\/wp\/v2\/media?parent=6063"}],"wp:term":[{"taxonomy":"category","embeddable":true,"href":"https:\/\/docinterhar.ca\/fr\/wp-json\/wp\/v2\/categories?post=6063"},{"taxonomy":"post_tag","embeddable":true,"href":"https:\/\/docinterhar.ca\/fr\/wp-json\/wp\/v2\/tags?post=6063"}],"curies":[{"name":"wp","href":"https:\/\/api.w.org\/{rel}","templated":true}]}}