{"id":6269,"date":"2023-02-20T08:00:00","date_gmt":"2023-02-20T13:00:00","guid":{"rendered":"https:\/\/docinterhar.org\/?p=6269"},"modified":"2023-11-09T12:39:45","modified_gmt":"2023-11-09T17:39:45","slug":"cieco-colloque-international-quest-ce-quune-collection-aujourdhui-21-24-mars-2023-duplicate-1","status":"publish","type":"post","link":"https:\/\/docinterhar.ca\/fr\/2023\/02\/20\/cieco-colloque-international-quest-ce-quune-collection-aujourdhui-21-24-mars-2023-duplicate-1\/","title":{"rendered":"CI\u00c9CO \u2013 Colloque international \u00ab Qu&#039;est-ce qu&#039;une collection aujourd&#039;hui ? \u00bb, 21-24 mars 2023"},"content":{"rendered":"<p class=\"wp-block-paragraph\">Le Partenariat&nbsp;<em>Des nouveaux usages des collections dans les mus\u00e9es d&#039;art<\/em>&nbsp;vous annoncez la tenue de son premier colloque annuel \u00ab Qu&#039;est-ce qu&#039;une collection aujourd&#039;hui ? \u00bb. Le colloque international \u00ab Qu&#039;est-ce qu&#039;une collection aujourd&#039;hui ? \u00bb est organis\u00e9 avec l&#039;\u00c9cole du Louvre dans le cadre du Partenariat&nbsp;<em>Des nouveaux usages des collections dans les mus\u00e9es d&#039;art<\/em>.<\/p>\n\n\n\n<p class=\"wp-block-paragraph\"><\/p>\n\n\n\n<p class=\"wp-block-paragraph\">Il se d\u00e9roulera du 21 au 24 mars 2023<\/p>\n\n\n\n<ul class=\"wp-block-list\">\n<li>\u00c0 l&#039;Universit\u00e9 de Montr\u00e9al, de 9 h 30 \u00e0 13 h 30 (HAE)<\/li>\n\n\n\n<li>\u00c0 l&#039;\u00c9cole du Louvre, de 14 h 30 \u00e0 18 h 30 (HNEC)<\/li>\n\n\n\n<li>Et en ligne<\/li>\n<\/ul>\n\n\n\n<p class=\"wp-block-paragraph\"><a href=\"https:\/\/mcusercontent.com\/0912084240c926638bf75c1cf\/files\/687988de-7305-9109-8588-9e31dc297ed0\/Prog_ColloqueCollection_Pages.01.pdf\">Programme<\/a><\/p>\n\n\n\n<p class=\"wp-block-paragraph\">Inscription :&nbsp;&nbsp;<a href=\"https:\/\/cieco-colloque-2023.eventbrite.ca\">https:\/\/cieco-colloque-2023.eventbrite.ca<\/a><br>Le lien Zoom de l&#039;\u00e9v\u00e9nement vous sera communiqu\u00e9 apr\u00e8s avoir effectu\u00e9 votre inscription.<\/p>\n\n\n\n<p class=\"wp-block-paragraph\">Pour toutes questions, merci d&#039;\u00e9crire \u00e0&nbsp;<a href=\"mailto:coordination@cieco.co\">coordination@cieco.co<\/a>.<\/p>","protected":false},"excerpt":{"rendered":"<p>Le Partenariat&nbsp;Des nouveaux usages des collections dans les mus\u00e9es d\u2019art&nbsp;vous annonce la tenue de son premier colloque annuel \u00ab&nbsp;Qu\u2019est-ce qu\u2019une collection aujourd\u2019hui&nbsp;?&nbsp;\u00bb. Le colloque international \u00ab Qu&#8217;est-ce qu&#8217;une collection aujourd&#8217;hui [&hellip;]<\/p>\n","protected":false},"author":242268434,"featured_media":5654,"comment_status":"closed","ping_status":"closed","sticky":false,"template":"","format":"standard","meta":{"_crdt_document":"","advanced_seo_description":"","jetpack_seo_html_title":"","jetpack_seo_noindex":false,"_EventAllDay":false,"_EventTimezone":"","_EventStartDate":"","_EventEndDate":"","_EventStartDateUTC":"","_EventEndDateUTC":"","_EventShowMap":false,"_EventShowMapLink":false,"_EventURL":"","_EventCost":"","_EventCostDescription":"","_EventCurrencySymbol":"","_EventCurrencyCode":"","_EventCurrencyPosition":"","_EventDateTimeSeparator":"","_EventTimeRangeSeparator":"","_EventOrganizerID":[],"_EventVenueID":[],"_OrganizerEmail":"","_OrganizerPhone":"","_OrganizerWebsite":"","_VenueAddress":"","_VenueCity":"","_VenueCountry":"","_VenueProvince":"","_VenueState":"","_VenueZip":"","_VenuePhone":"","_VenueURL":"","_VenueStateProvince":"","_VenueLat":"","_VenueLng":"","_VenueShowMap":false,"_VenueShowMapLink":false,"_jetpack_memberships_contains_paid_content":false,"footnotes":"","jetpack_publicize_message":"","jetpack_publicize_feature_enabled":true,"jetpack_social_post_already_shared":true,"jetpack_social_options":{"image_generator_settings":{"template":"highway","default_image_id":0,"font":"","enabled":false},"version":2},"_wpas_customize_per_network":false},"categories":[766630162],"tags":[766630121],"class_list":["post-6269","post","type-post","status-publish","format-standard","has-post-thumbnail","hentry","category-speakers-symposia","tag-conferenciers-symposiums"],"jetpack_publicize_connections":[],"jetpack_featured_media_url":"https:\/\/i0.wp.com\/docinterhar.ca\/wp-content\/uploads\/2023\/11\/743f8-capture-decran-2022-09-26-a-16.59.53.png?fit=964%2C750&ssl=1","jetpack_likes_enabled":true,"jetpack_sharing_enabled":true,"jetpack_shortlink":"https:\/\/wp.me\/pfghYs-1D7","jetpack-related-posts":[],"_links":{"self":[{"href":"https:\/\/docinterhar.ca\/fr\/wp-json\/wp\/v2\/posts\/6269","targetHints":{"allow":["GET"]}}],"collection":[{"href":"https:\/\/docinterhar.ca\/fr\/wp-json\/wp\/v2\/posts"}],"about":[{"href":"https:\/\/docinterhar.ca\/fr\/wp-json\/wp\/v2\/types\/post"}],"author":[{"embeddable":true,"href":"https:\/\/docinterhar.ca\/fr\/wp-json\/wp\/v2\/users\/242268434"}],"replies":[{"embeddable":true,"href":"https:\/\/docinterhar.ca\/fr\/wp-json\/wp\/v2\/comments?post=6269"}],"version-history":[{"count":3,"href":"https:\/\/docinterhar.ca\/fr\/wp-json\/wp\/v2\/posts\/6269\/revisions"}],"predecessor-version":[{"id":7809,"href":"https:\/\/docinterhar.ca\/fr\/wp-json\/wp\/v2\/posts\/6269\/revisions\/7809"}],"wp:featuredmedia":[{"embeddable":true,"href":"https:\/\/docinterhar.ca\/fr\/wp-json\/wp\/v2\/media\/5654"}],"wp:attachment":[{"href":"https:\/\/docinterhar.ca\/fr\/wp-json\/wp\/v2\/media?parent=6269"}],"wp:term":[{"taxonomy":"category","embeddable":true,"href":"https:\/\/docinterhar.ca\/fr\/wp-json\/wp\/v2\/categories?post=6269"},{"taxonomy":"post_tag","embeddable":true,"href":"https:\/\/docinterhar.ca\/fr\/wp-json\/wp\/v2\/tags?post=6269"}],"curies":[{"name":"wp","href":"https:\/\/api.w.org\/{rel}","templated":true}]}}