{"id":6407,"date":"2023-03-13T13:22:18","date_gmt":"2023-03-13T17:22:18","guid":{"rendered":"https:\/\/docinterhar.org\/?p=6407"},"modified":"2023-11-09T13:31:47","modified_gmt":"2023-11-09T18:31:47","slug":"post-image-artist-talk-with-michele-pearson-clarke-fr","status":"publish","type":"post","link":"https:\/\/docinterhar.ca\/fr\/2023\/03\/13\/post-image-artist-talk-with-michele-pearson-clarke-fr\/","title":{"rendered":"Image de publication\u00a0: discussion avec l&#039;artiste Mich\u00e8le Pearson Clarke-fr"},"content":{"rendered":"<p class=\"wp-block-paragraph\"><\/p>\n\n\n\n<p class=\"wp-block-paragraph\">Post Image a le plaisir d&#039;accueillir l&#039;artiste Mich\u00e8le Pearson Clarke pour une conf\u00e9rence le 14 mars \u00e0 16 h : en personne \u00e0 4th Space (1400, boulevard Maisonneuve Ouest, Montr\u00e9al, Qu\u00e9bec H3G 1M8) ou en ligne via&nbsp;<a rel=\"noreferrer noopener\" href=\"https:\/\/concordia-ca.zoom.us\/meeting\/register\/tZMvc-ioqjIqE9dOnnZ1kQih-VMbLnnj4Pn8\" target=\"_blank\"><span style=\"color: #289bbb\" class=\"ugb-highlight\">Zoom<\/span><\/a>.&nbsp;&nbsp;<a rel=\"noreferrer noopener\" href=\"https:\/\/postimage.ca\/Programming\" target=\"_blank\">D\u00e9placer le paysage pour trouver un terrain<\/a>&nbsp;est un cycle de conf\u00e9rences et de r\u00e9sidences d&#039;artistes qui se d\u00e9roulera de septembre 2022 \u00e0 mai 2023. Cette s\u00e9rie s&#039;articule autour d&#039;une ambition commune : interroger le prisme colonial \u00e0 travers lequel la photographie s&#039;exprime et faire \u00e9merger des pratiques fond\u00e9es sur l&#039;objectif. Nous invitons \u00e0 un dialogue entre toutes les communaut\u00e9s impact\u00e9es par le regard colonial.<br><br>Mich\u00e8le Pearson Clarke est une artiste, \u00e9crivaine et \u00e9ducatrice qui travaille la photographie, le cin\u00e9ma, la vid\u00e9o et l&#039;installation. Utilisant des strat\u00e9gies d&#039;archivage, de performance et ax\u00e9es sur le processus, son travail situe le deuil comme un lieu de possibilit\u00e9 d&#039;engagement social et de connexion politique. N\u00e9e \u00e0 Trinidad et bas\u00e9e \u00e0 Toronto, son travail a \u00e9t\u00e9 pr\u00e9sent\u00e9 dans des expositions et des projections au Mus\u00e9e des beaux-arts de Montr\u00e9al, au Mus\u00e9e des beaux-arts de la Nouvelle-\u00c9cosse, au Mus\u00e9e royal de l&#039;Ontario, au Lagos Photo Festival, au Museum of Contemporary Art de Chicago, au Maryland Institute College of Art, ltd. de Los Angeles, au Ryerson Image Centre et \u00e0 la Gallery 44 Centre for Contemporary Photography. Plus r\u00e9cemment, Clarke a re\u00e7u le prix de l&#039;artiste finaliste 2019 des Toronto Friends of the Visual Arts et a \u00e9t\u00e9 la deuxi\u00e8me laur\u00e9ate photo de la Ville de Toronto (2019-2022). Clarke est titulaire d&#039;une ma\u00eetrise en travail social de l&#039;Universit\u00e9 de Toronto et, en 2015, d&#039;une ma\u00eetrise en beaux-arts en m\u00e9dias documentaires de l&#039;Universit\u00e9 m\u00e9tropolitaine de Toronto (anciennement Ryerson), o\u00f9 elle est professeure adjointe en photographie \u00e0 l&#039;\u00c9cole des arts de l&#039;image. Si vous souhaitez voir le reste des conf\u00e9rences, veuillez visiter notre section programmation, inscrivez-vous \u00e0 notre<a rel=\"noreferrer noopener\" href=\"https:\/\/can01.safelinks.protection.outlook.com\/?url=https%3A%2F%2Fpostimage.ca%2FEmail&amp;data=05%7C01%7Cart.history%40concordia.ca%7Cce9ed130ef6e4bd6cae008db1b374991%7C5569f185d22f4e139850ce5b1abcd2e8%7C0%7C0%7C638133696514970741%7CUnknown%7CTWFpbGZsb3d8eyJWIjoiMC4wLjAwMDAiLCJQIjoiV2luMzIiLCJBTiI6Ik1haWwiLCJXVCI6Mn0%3D%7C3000%7C%7C%7C&amp;sdata=HH1DZHXmB2LbRLJkhHJviQqJ6pgg48V3yzecephHmUU%3D&amp;reserved=0\" target=\"_blank\">&nbsp;<\/a>Inscrivez-vous \u00e0 notre infolettre ou suivez-nous sur Instagram. Notre programmation est r\u00e9alis\u00e9e en collaboration avec le Centre de recherche sur les futurs autochtones, le Studio des m\u00e9dias f\u00e9ministes et le Bureau des perspectives noires. Ce projet est g\u00e9n\u00e9reusement financ\u00e9 par le Conseil de recherches en sciences humaines, l&#039;Institut Milieux pour les arts et la culture et le Vice-rectorat \u00e0 la recherche et aux \u00e9tudes sup\u00e9rieures (OVPRGS) de l&#039;Universit\u00e9 Concordia.<\/p>","protected":false},"excerpt":{"rendered":"<p>Post Image is pleased to welcome artist Mich\u00e8le Pearson Clarke for an artist talk on March 14th at 4 PM: in-person at&nbsp;4th Space&nbsp;(1400 Maisonneuve Blvd W, Montreal, Quebec H3G 1M8) [&hellip;]<\/p>\n","protected":false},"author":242268434,"featured_media":6405,"comment_status":"closed","ping_status":"closed","sticky":false,"template":"","format":"standard","meta":{"_crdt_document":"","advanced_seo_description":"","jetpack_seo_html_title":"","jetpack_seo_noindex":false,"_EventAllDay":false,"_EventTimezone":"","_EventStartDate":"","_EventEndDate":"","_EventStartDateUTC":"","_EventEndDateUTC":"","_EventShowMap":false,"_EventShowMapLink":false,"_EventURL":"","_EventCost":"","_EventCostDescription":"","_EventCurrencySymbol":"","_EventCurrencyCode":"","_EventCurrencyPosition":"","_EventDateTimeSeparator":"","_EventTimeRangeSeparator":"","_EventOrganizerID":[],"_EventVenueID":[],"_OrganizerEmail":"","_OrganizerPhone":"","_OrganizerWebsite":"","_VenueAddress":"","_VenueCity":"","_VenueCountry":"","_VenueProvince":"","_VenueState":"","_VenueZip":"","_VenuePhone":"","_VenueURL":"","_VenueStateProvince":"","_VenueLat":"","_VenueLng":"","_VenueShowMap":false,"_VenueShowMapLink":false,"_jetpack_memberships_contains_paid_content":false,"footnotes":"","jetpack_publicize_message":"","jetpack_publicize_feature_enabled":true,"jetpack_social_post_already_shared":true,"jetpack_social_options":{"image_generator_settings":{"template":"highway","default_image_id":0,"font":"","enabled":false},"version":2},"_wpas_customize_per_network":false},"categories":[103,766630162],"tags":[766630121],"class_list":["post-6407","post","type-post","status-publish","format-standard","has-post-thumbnail","hentry","category-news","category-speakers-symposia","tag-conferenciers-symposiums"],"jetpack_publicize_connections":[],"jetpack_featured_media_url":"https:\/\/i0.wp.com\/docinterhar.ca\/wp-content\/uploads\/2023\/11\/46d5b-unnamed.jpg?fit=1500%2C1876&ssl=1","jetpack_likes_enabled":true,"jetpack_sharing_enabled":true,"jetpack_shortlink":"https:\/\/wp.me\/pfghYs-1Fl","jetpack-related-posts":[],"_links":{"self":[{"href":"https:\/\/docinterhar.ca\/fr\/wp-json\/wp\/v2\/posts\/6407","targetHints":{"allow":["GET"]}}],"collection":[{"href":"https:\/\/docinterhar.ca\/fr\/wp-json\/wp\/v2\/posts"}],"about":[{"href":"https:\/\/docinterhar.ca\/fr\/wp-json\/wp\/v2\/types\/post"}],"author":[{"embeddable":true,"href":"https:\/\/docinterhar.ca\/fr\/wp-json\/wp\/v2\/users\/242268434"}],"replies":[{"embeddable":true,"href":"https:\/\/docinterhar.ca\/fr\/wp-json\/wp\/v2\/comments?post=6407"}],"version-history":[{"count":2,"href":"https:\/\/docinterhar.ca\/fr\/wp-json\/wp\/v2\/posts\/6407\/revisions"}],"predecessor-version":[{"id":7856,"href":"https:\/\/docinterhar.ca\/fr\/wp-json\/wp\/v2\/posts\/6407\/revisions\/7856"}],"wp:featuredmedia":[{"embeddable":true,"href":"https:\/\/docinterhar.ca\/fr\/wp-json\/wp\/v2\/media\/6405"}],"wp:attachment":[{"href":"https:\/\/docinterhar.ca\/fr\/wp-json\/wp\/v2\/media?parent=6407"}],"wp:term":[{"taxonomy":"category","embeddable":true,"href":"https:\/\/docinterhar.ca\/fr\/wp-json\/wp\/v2\/categories?post=6407"},{"taxonomy":"post_tag","embeddable":true,"href":"https:\/\/docinterhar.ca\/fr\/wp-json\/wp\/v2\/tags?post=6407"}],"curies":[{"name":"wp","href":"https:\/\/api.w.org\/{rel}","templated":true}]}}