{"id":8209,"date":"2023-12-06T13:29:47","date_gmt":"2023-12-06T18:29:47","guid":{"rendered":"https:\/\/docinterhar.ca\/?p=8209"},"modified":"2024-12-23T15:58:04","modified_gmt":"2024-12-23T20:58:04","slug":"3e-event-pour-une-histoire-de-lart-engagee-decolonization-is-not-a-metaphor","status":"publish","type":"post","link":"https:\/\/docinterhar.ca\/fr\/2023\/12\/06\/3e-event-pour-une-histoire-de-lart-engagee-decolonization-is-not-a-metaphor\/","title":{"rendered":"3e \u00e9v\u00e9nement | Pour une histoire de l&#039;art engag\u00e9 : La d\u00e9colonisation n&#039;est pas une m\u00e9taphore"},"content":{"rendered":"<p class=\"wp-block-paragraph\">Nous vous invitons \u00e0 notre troisi\u00e8me \u00e9v\u00e9nement&nbsp;<em>Pour une histoire de l&#039;art engag\u00e9 : La d\u00e9colonisation n&#039;est pas une m\u00e9taphore<\/em>, qui est une projection et une discussion sur les projets d&#039;archives et cin\u00e9matographiques de l&#039;anthropologue Diana Allan (en anglais).<\/p>\n\n\n\n<p class=\"wp-block-paragraph\"><strong>Mercredi 6 d\u00e9cembre, de 17h30 \u00e0 19h00<\/strong><\/p>\n\n\n\n<p class=\"wp-block-paragraph\"><em>Projection et discussion<\/em><\/p>\n\n\n\n<p class=\"wp-block-paragraph\"><strong><em>Les archives de la Nakba&nbsp;<\/em>et&nbsp;<em>Nature morte<br><\/em><\/strong>Diana Allan (chercheuse, archiviste et documentariste, McGill), en discussion avec Myriam Amri (doctorante en anthropologie, cin\u00e9aste et artiste visuelle, Harvard)<\/p>\n\n\n\n<p class=\"wp-block-paragraph\">UQAM, pavillon Judith-Jasmin (J), J-1187<\/p>\n\n\n\n<p class=\"wp-block-paragraph\">Diana Allan est professeure agr\u00e9g\u00e9e d&#039;anthropologie et cin\u00e9aste \u00e0 l&#039;Universit\u00e9 McGill, et codirectrice du Critical Media Lab. Elle est cofondatrice des Archives Nakba, un projet de t\u00e9moignages qui documente l&#039;histoire de l&#039;expulsion de 1948 aupr\u00e8s des r\u00e9fugi\u00e9s palestiniens au Liban, et auteure de&nbsp;<em>R\u00e9fugi\u00e9s de la r\u00e9volution : exp\u00e9riences de l&#039;exil palestinien<\/em>&nbsp;(2014) et&nbsp;<em>Les voix de la Nakba : une histoire vivante de la Palestine<\/em>&nbsp;(2021). Parmi ses films, on compte&nbsp;<em>Nature morte<\/em>&nbsp;(2007),&nbsp;<em>Terrasse de la Mer<\/em>&nbsp;(2010), et&nbsp;<em>Si cher, si beau<\/em>&nbsp;(2018). Elle est titulaire d\u2019une chaire de recherche du Canada en anthropologie des archives vivantes.&nbsp;<br><br>Myriam Amri est anthropologue, cin\u00e9aste et artiste visuelle. Elle termine son doctorat en anthropologie et \u00e9tudes moyen-orientales \u00e0 l&#039;Universit\u00e9 Harvard, o\u00f9 ses recherches portent sur la mat\u00e9rialit\u00e9, la colonialit\u00e9 et le capitalisme en Afrique du Nord contemporaine. Cin\u00e9aste et artiste visuelle, sa pratique cr\u00e9ative explore l&#039;intimit\u00e9, les crises et les dystopies \u00e0 travers l&#039;image en mouvement, la photographie argentique, les installations et le son. Ses \u0153uvres ont \u00e9t\u00e9 pr\u00e9sent\u00e9es \u00e0 l&#039;exposition Protocinema \u00e0 New York, \u00e0 Savvy Contemporary \u00e0 Berlin, \u00e0 la Biennale Jaou \u00e0 Tunis et aux Gallatin Galleries de l&#039;Universit\u00e9 de New York. Elle est cofondatrice du collectif litt\u00e9raire arabe exp\u00e9rimental \u00ab Asameena \u00bb et a re\u00e7u une bourse d&#039;art visuel du Conseil suisse des arts en 2024.<br><\/p>\n\n\n\n<figure class=\"wp-block-image\"><img decoding=\"async\" src=\"https:\/\/attachments.office.net\/owa\/charbonneau.marjorie@courrier.uqam.ca\/service.svc\/s\/GetAttachmentThumbnail?id=AAMkAGJlNzg5NjZkLTFhZTctNGVjNS1iYTFlLTY5ZWVhZmQ3YTI3MgBGAAAAAABI0r0%2FeulXTrsCpxOIlC7NBwBXifWys1EeSJyJXdNg7SGkAAAAAAEMAABXifWys1EeSJyJXdNg7SGkAAWzu5OEAAABEgAQAK1uB8bIQSRHqDuEGfsBMAQ%3D&amp;thumbnailType=2&amp;token=eyJhbGciOiJSUzI1NiIsImtpZCI6IjczRkI5QkJFRjYzNjc4RDRGN0U4NEI0NDBCQUJCMTJBMzM5RDlGOTgiLCJ0eXAiOiJKV1QiLCJ4NXQiOiJjX3VidnZZMmVOVDM2RXRFQzZ1eEtqT2RuNWcifQ.eyJvcmlnaW4iOiJodHRwczovL291dGxvb2sub2ZmaWNlLmNvbSIsInVjIjoiZTc4ZjBhNTM5MjY4NGM3M2I3YjJhMDUwMzE2YzI0YTYiLCJ2ZXIiOiJFeGNoYW5nZS5DYWxsYmFjay5WMSIsImFwcGN0eHNlbmRlciI6Ik93YURvd25sb2FkQDEyY2I0ZTFhLTQyZGEtNDkxYy05MGUxLTdhN2E5NzUzNTA2ZiIsImlzc3JpbmciOiJXVyIsImFwcGN0eCI6IntcIm1zZXhjaHByb3RcIjpcIm93YVwiLFwicHVpZFwiOlwiMTE1MzgzNjI5Njc2MDI2Njk5M1wiLFwic2NvcGVcIjpcIk93YURvd25sb2FkXCIsXCJvaWRcIjpcImZhNThmN2I2LTNhMzItNDhkNC05MzZiLTExNmFkYjI3NGYwNFwiLFwicHJpbWFyeXNpZFwiOlwiUy0xLTUtMjEtMzk3MTk1Njc4LTE5Njk2ODYyMzEtMjIyNjQ2NTkwLTQzNDc1NDdcIn0iLCJuYmYiOjE3MDE4ODY5MzUsImV4cCI6MTcwMTg4NzUzNSwiaXNzIjoiMDAwMDAwMDItMDAwMC0wZmYxLWNlMDAtMDAwMDAwMDAwMDAwQDEyY2I0ZTFhLTQyZGEtNDkxYy05MGUxLTdhN2E5NzUzNTA2ZiIsImF1ZCI6IjAwMDAwMDAyLTAwMDAtMGZmMS1jZTAwLTAwMDAwMDAwMDAwMC9hdHRhY2htZW50cy5vZmZpY2UubmV0QDEyY2I0ZTFhLTQyZGEtNDkxYy05MGUxLTdhN2E5NzUzNTA2ZiIsImhhcHAiOiJvd2EifQ.f5bcvQ4hIjjHSi10uLM6z-YejBYJ_qumNM91BYppf9Eu30F-jbAGbEF5aemKmwuZX1ThsJbHRnvkquIdlxeXEYiRcZiOJj7olF_t2bns3bSyC0_L4f28DkP2HgJwJYJfn5IBdzkk7gsizvWGaiNALSkm-EQHQ0MzzXoC37xcMqJeFWu83EQ3ZcvGHxyYWVDFUa5jduWrx54rEoXOS4FUp49RsVhu9fFY-3F_dTbAOuL9YEqcN7OB5VnO5ewb3h37ooe7bGY_naCZw0VL3IyqLfCOwoiPb1tUJTtlWfzOxnckoIkDOvidOkRYYoKVnvN9kWlXD5RTsCkwCura1Vt5Gg&amp;X-OWA-CANARY=X-OWA-CANARY_cookie_is_null_or_empty&amp;owa=outlook.office.com&amp;scriptVer=20231124004.10&amp;animation=true&amp;persistenceId=0eb08b02-231c-42eb-a88d-c196dea92899\" alt=\"Capture d\u2019\u00e9cran, le 2023-11-30 \u00e0 11.47.38.png\"\/><\/figure>\n\n\n\n<figure class=\"wp-block-embed\"><div class=\"wp-block-embed__wrapper\">\n<a href=\"https:\/\/www.nakba-archive.org\/new\" rel=\"nofollow\">https:\/\/www.nakba-archive.org\/new<\/a>\n<\/div><\/figure>\n\n\n\n<p class=\"wp-block-paragraph\"><strong><em>Pour une histoire de l&#039;art engag\u00e9<\/em><\/strong>&nbsp;est une s\u00e9rie d&#039;\u00e9v\u00e9nements interdisciplinaires visant \u00e0 situer les pratiques artistiques historiques \u00e0 la lumi\u00e8re des enjeux sociaux et politiques actuels. Le programme 2023\/2024 sera consacr\u00e9 \u00e0 ce th\u00e8me.&nbsp;<em>La d\u00e9colonisation n\u2019est pas une m\u00e9taphore<\/em>, qui d\u00e9coule des situations d&#039;urgence actuelles \u00e0 Gaza et en Palestine. La s\u00e9rie cherche \u00e0 interroger la mani\u00e8re dont la recherche historique actuelle sur l&#039;art utilise les th\u00e9ories d\u00e9coloniales.<\/p>\n\n\n\n<p class=\"wp-block-paragraph\"><a href=\"https:\/\/fb.me\/e\/9OAz79jDj\">Facebook<\/a><\/p>\n\n\n\n<p class=\"wp-block-paragraph\"><a href=\"https:\/\/www.instagram.com\/p\/C0CNAr3LYtf\/\">Instagram<\/a><\/p>\n\n\n\n<p class=\"wp-block-paragraph\">Si vous avez des questions, veuillez contacter :&nbsp;<a href=\"mailto:hist.engagee@gmail.com\">hist.engagee@gmail.com<\/a><\/p>\n\n\n\n<p class=\"wp-block-paragraph\">Ce projet est soutenu par le d\u00e9partement d&#039;histoire de l&#039;art de l&#039;UQAM et le Doc-Inter, programme doctoral interuniversitaire (UQAM, UdeM, Concordia).<\/p>","protected":false},"excerpt":{"rendered":"<p>We invite you to our third event&nbsp;Pour une histoire&nbsp;de l&#8217;art engag\u00e9e: Decolonization is Not a Metaphor, which is a screening and discussion about the archival and filmic projects of anthropologist [&hellip;]<\/p>\n","protected":false},"author":242268434,"featured_media":8162,"comment_status":"open","ping_status":"open","sticky":false,"template":"","format":"standard","meta":{"_crdt_document":"","advanced_seo_description":"","jetpack_seo_html_title":"","jetpack_seo_noindex":false,"_EventAllDay":false,"_EventTimezone":"","_EventStartDate":"","_EventEndDate":"","_EventStartDateUTC":"","_EventEndDateUTC":"","_EventShowMap":false,"_EventShowMapLink":false,"_EventURL":"","_EventCost":"","_EventCostDescription":"","_EventCurrencySymbol":"","_EventCurrencyCode":"","_EventCurrencyPosition":"","_EventDateTimeSeparator":"","_EventTimeRangeSeparator":"","_EventOrganizerID":[],"_EventVenueID":[],"_OrganizerEmail":"","_OrganizerPhone":"","_OrganizerWebsite":"","_VenueAddress":"","_VenueCity":"","_VenueCountry":"","_VenueProvince":"","_VenueState":"","_VenueZip":"","_VenuePhone":"","_VenueURL":"","_VenueStateProvince":"","_VenueLat":"","_VenueLng":"","_VenueShowMap":false,"_VenueShowMapLink":false,"_jetpack_memberships_contains_paid_content":false,"footnotes":"","jetpack_publicize_message":"","jetpack_publicize_feature_enabled":true,"jetpack_social_post_already_shared":true,"jetpack_social_options":{"image_generator_settings":{"template":"highway","default_image_id":0,"font":"","enabled":false},"version":2},"_wpas_customize_per_network":false},"categories":[103,766630167],"tags":[],"class_list":["post-8209","post","type-post","status-publish","format-standard","has-post-thumbnail","hentry","category-news","category-students-initiatives"],"jetpack_publicize_connections":[],"jetpack_featured_media_url":"https:\/\/i0.wp.com\/docinterhar.ca\/wp-content\/uploads\/2023\/11\/thumbnail_image001-1.png?fit=1920%2C676&ssl=1","jetpack_likes_enabled":true,"jetpack_sharing_enabled":true,"jetpack_shortlink":"https:\/\/wp.me\/pfghYs-28p","jetpack-related-posts":[],"_links":{"self":[{"href":"https:\/\/docinterhar.ca\/fr\/wp-json\/wp\/v2\/posts\/8209","targetHints":{"allow":["GET"]}}],"collection":[{"href":"https:\/\/docinterhar.ca\/fr\/wp-json\/wp\/v2\/posts"}],"about":[{"href":"https:\/\/docinterhar.ca\/fr\/wp-json\/wp\/v2\/types\/post"}],"author":[{"embeddable":true,"href":"https:\/\/docinterhar.ca\/fr\/wp-json\/wp\/v2\/users\/242268434"}],"replies":[{"embeddable":true,"href":"https:\/\/docinterhar.ca\/fr\/wp-json\/wp\/v2\/comments?post=8209"}],"version-history":[{"count":3,"href":"https:\/\/docinterhar.ca\/fr\/wp-json\/wp\/v2\/posts\/8209\/revisions"}],"predecessor-version":[{"id":8838,"href":"https:\/\/docinterhar.ca\/fr\/wp-json\/wp\/v2\/posts\/8209\/revisions\/8838"}],"wp:featuredmedia":[{"embeddable":true,"href":"https:\/\/docinterhar.ca\/fr\/wp-json\/wp\/v2\/media\/8162"}],"wp:attachment":[{"href":"https:\/\/docinterhar.ca\/fr\/wp-json\/wp\/v2\/media?parent=8209"}],"wp:term":[{"taxonomy":"category","embeddable":true,"href":"https:\/\/docinterhar.ca\/fr\/wp-json\/wp\/v2\/categories?post=8209"},{"taxonomy":"post_tag","embeddable":true,"href":"https:\/\/docinterhar.ca\/fr\/wp-json\/wp\/v2\/tags?post=8209"}],"curies":[{"name":"wp","href":"https:\/\/api.w.org\/{rel}","templated":true}]}}